{"id":27320,"date":"2019-04-11T15:18:07","date_gmt":"2019-04-11T19:18:07","guid":{"rendered":"https:\/\/linitiative.ca\/International\/lopposant-ivoirien-mamadou-koulibaly-denonce-une-inflation-legislative-qui-ne-sert-a-rien\/"},"modified":"2019-04-11T15:18:07","modified_gmt":"2019-04-11T19:18:07","slug":"lopposant-ivoirien-mamadou-koulibaly-denonce-une-inflation-legislative-qui-ne-sert-a-rien","status":"publish","type":"post","link":"https:\/\/linitiative.ca\/International\/lopposant-ivoirien-mamadou-koulibaly-denonce-une-inflation-legislative-qui-ne-sert-a-rien\/","title":{"rendered":"L\u2019opposant ivoirien Mamadou Koulibaly d\u00e9nonce une \u00ab inflation l\u00e9gislative qui ne sert \u00e0 rien\u00bb"},"content":{"rendered":"<div readability=\"32\">\n<p>Publi\u00e9 le 11.04.2019 \u00e0 20h18 par APA News<\/p>\n<\/div>\n<div readability=\"111\">\n<p>L\u2019opposant ivoirien Mamadou Koulibaly a d\u00e9nonc\u00e9 jeudi \u00e0 Abidjan une \u00ab inflation l\u00e9gislative\u00bb en C\u00f4te d\u2019Ivoire qui, de son avis, \u00ab ne sert \u00e0 rien \u00bb.M. Koulibaly qui est \u00e9galement, l\u2019un des \u00a0candidats d\u00e9clar\u00e9s \u00e0 la pr\u00e9sidentielle ivoirienne de 2020, s\u2019exprimait dans sa web \u00e9mission hebdomadaire d\u00e9nomm\u00e9e \u00ab Jeudi, c\u2019est Koulibaly \u00bb.<\/p>\n<p>\u00ab La paix sociale, ce n\u2019est pas seulement dans les discours, c\u2019est aussi de faire en sorte que la population ait un coefficient de tranquillit\u00e9 \u00e9lev\u00e9. Le stress permanent, \u00e7a rend fou. Vous votez des lois que vous n\u2019appliquez pas. Quelle est cette inflation l\u00e9gislative qui ne sert \u00e0 rien? \u00bb, \u00a0s\u2019est interrog\u00e9 M. Koulibaly qui accuse l\u2019ex\u00e9cutif ivoirien d\u2019avoir adopt\u00e9 une loi sur la consommation en juillet 2016 qui jusque-l\u00e0 n\u2019est pas applicable.<\/p>\n<p>\u00ab En juillet 2016, le gouvernement a pris une loi sur la consommation et dans cette loi, il est dit que le gouvernement mettra en place une commission pour la s\u00e9curit\u00e9 des consommateurs. Sa mission, c\u2019est de chercher les informations, regarder la qualit\u00e9 de ce qui rentre en C\u00f4te d\u2019Ivoire\u2026 Et la loi depuis 2016 dit que le pr\u00e9sident de la R\u00e9publique doit prendre un d\u00e9cret pour mettre en place cette commission. Mais jusqu\u2019\u00e0 aujourd\u2019hui rien\u00bb, a-t-il accus\u00e9 ajoutant cependant que \u00ab ou si elle ( la commission) existe, elle ne fait rien du tout\u00bb.<\/p>\n<p>\u00a0Le disant, M. Koulibaly fait allusion \u00e0 la r\u00e9cente \u00ab rumeur\u00bb qui a enfl\u00e9 dans le pays \u00e0 propos de l\u2019entr\u00e9e en C\u00f4te d\u2019Ivoire d\u2019une cargaison de riz avari\u00e9. \u00ab On a un bateau charg\u00e9 de riz qui a \u00e9t\u00e9 refus\u00e9 dans un certains nombres de ports et qui est arriv\u00e9 \u00e0 Abidjan. Dans la tradition portuaire, lorsque les marchandises arrivent par bateau, le bateau est pr\u00e9c\u00e9d\u00e9 d\u2019un connaissement (document mat\u00e9rialisant le contrat) qui donne la qualit\u00e9 de la marchandise, l\u2019origine, le propri\u00e9taire et les d\u00e9tails du contrat. Si cette marchandise est impropre \u00e0 la consommation, on v\u00e9rifie avant de d\u00e9barquer. Chez nous, on dit il n\u2019y a pas de probl\u00e8me, d\u00e9barquez et repartez\u00bb, a d\u00e9plor\u00e9 M. Koulibaly.<\/p>\n<p>\u00ab Lorsque l\u2019opinion et les associations de consommateurs commencent \u00e0 s\u2019inqui\u00e9ter, la rumeur gonfle, on nous dit que le riz est sous embargo et qu\u2019ils feront des tests pour voir s\u2019il est propre ou impropre \u00e0 la consommation. Quelques temps apr\u00e8s, on nous dit que ce riz est impropre \u00e0 la consommation\u2026 La rumeur gonfle encore quand on a vu d\u00e9barquer ce riz avari\u00e9 dans des magasins\u00bb, a poursuivi M. Koulibaly, regrettant que ce \u00ab stress permanent \u00bb de la population rend malade.<\/p>\n<p><ins data-revive-zoneid=\"9\" data-revive-id=\"10111e19d28d19d031742ee3b0b33eb0\"\/> <\/p>\n<p>\u00ab Le m\u00eame gouvernement nous informe qu\u2019il a fait une grosse saisie d\u2019huile impropre \u00e0 la consommation. Encore une fois, le produit est \u00a0embarqu\u00e9, stock\u00e9 et silence radio. Est-ce que cette huile est d\u00e9truite ou va \u00eatre d\u00e9truite ? Pourquoi est-elle impropre \u00e0 la consommation ? D\u2019o\u00f9 vient-elle ? Qu\u2019est-ce qu\u2019on en fait apr\u00e8s ? Rien du tout, silence \u00bb, a \u00e9galement d\u00e9plor\u00e9 l\u2019opposant.<\/p>\n<p>Une cargaison de 18.000 tonnes de riz d\u2019origine birmane, rappelle-t-on, a \u00e9t\u00e9 d\u00e9charg\u00e9e au port d\u2019Abidjan du 11 au 18 mars dernier. Suite \u00e0 l\u2019analyse d\u2019un \u00e9chantillon de ce \u00a0riz par un laboratoire accr\u00e9dit\u00e9 et agr\u00e9\u00e9, le gouvernement ivoirien a annonc\u00e9 dans un communiqu\u00e9 qu\u2019il est \u00a0impropre \u00e0 la consommation et que cette cargaison sera d\u00e9truite.<\/p>\n<p>Mercredi, le gouvernement ivoirien a assur\u00e9 \u00e0 nouveau que ce riz avari\u00e9 import\u00e9 \u00ab ne sera pas sur le march\u00e9 ivoirien \u00bb.<\/p>\n<p>\u00a0Ancien pr\u00e9sident de l\u2019Assembl\u00e9e nationale ivoirienne sous le r\u00e9gime de la refondation de Laurent Gbagbo, M. Koulibaly est l\u2019actuel maire de la commune d\u2019Azagui\u00e9 dans le Sud ivoirien. Depuis 2017, il a annonc\u00e9 sa candidature pour la pr\u00e9sidentielle ivoirienne de 2020.<\/p>\n<\/div>\n<p>Auteur: APA News<br \/>\n<a href=\"https:\/\/www.journalducameroun.com\/fr\/lopposant-ivoirien-mamadou-koulibaly-denonce-une-inflation-legislative-qui-ne-sert-a-rien\/\">Cliquez ici pour lire l&rsquo;article depuis sa source.<\/a><\/p>\n","protected":false},"excerpt":{"rendered":"<p>Publi\u00e9 le 11.04.2019 \u00e0 20h18 par APA News L\u2019opposant ivoirien Mamadou Koulibaly a d\u00e9nonc\u00e9 jeudi \u00e0 Abidjan une \u00ab inflation l\u00e9gislative\u00bb en C\u00f4te d\u2019Ivoire qui, de son avis, \u00ab ne sert \u00e0 rien \u00bb.M. Koulibaly qui est \u00e9galement, l\u2019un des \u00a0candidats d\u00e9clar\u00e9s \u00e0 la pr\u00e9sidentielle ivoirienne de 2020, s\u2019exprimait dans sa web \u00e9mission hebdomadaire d\u00e9nomm\u00e9e [&hellip;]<\/p>\n","protected":false},"author":1965,"featured_media":0,"comment_status":"closed","ping_status":"closed","sticky":false,"template":"","format":"standard","meta":{"fifu_image_url":"","fifu_image_alt":"","footnotes":""},"categories":[73,82],"tags":[],"class_list":["post-27320","post","type-post","status-publish","format-standard","hentry","category-actualite","category-cameroun"],"_links":{"self":[{"href":"https:\/\/linitiative.ca\/International\/wp-json\/wp\/v2\/posts\/27320","targetHints":{"allow":["GET"]}}],"collection":[{"href":"https:\/\/linitiative.ca\/International\/wp-json\/wp\/v2\/posts"}],"about":[{"href":"https:\/\/linitiative.ca\/International\/wp-json\/wp\/v2\/types\/post"}],"author":[{"embeddable":true,"href":"https:\/\/linitiative.ca\/International\/wp-json\/wp\/v2\/users\/1965"}],"replies":[{"embeddable":true,"href":"https:\/\/linitiative.ca\/International\/wp-json\/wp\/v2\/comments?post=27320"}],"version-history":[{"count":0,"href":"https:\/\/linitiative.ca\/International\/wp-json\/wp\/v2\/posts\/27320\/revisions"}],"wp:attachment":[{"href":"https:\/\/linitiative.ca\/International\/wp-json\/wp\/v2\/media?parent=27320"}],"wp:term":[{"taxonomy":"category","embeddable":true,"href":"https:\/\/linitiative.ca\/International\/wp-json\/wp\/v2\/categories?post=27320"},{"taxonomy":"post_tag","embeddable":true,"href":"https:\/\/linitiative.ca\/International\/wp-json\/wp\/v2\/tags?post=27320"}],"curies":[{"name":"wp","href":"https:\/\/api.w.org\/{rel}","templated":true}]}}