{"id":27321,"date":"2019-04-11T15:21:55","date_gmt":"2019-04-11T19:21:55","guid":{"rendered":"https:\/\/linitiative.ca\/International\/crise-anglophone-kumbo-larmee-repond-aux-accusations-de-human-rights-watch\/"},"modified":"2019-04-11T15:21:55","modified_gmt":"2019-04-11T19:21:55","slug":"crise-anglophone-kumbo-larmee-repond-aux-accusations-de-human-rights-watch","status":"publish","type":"post","link":"https:\/\/linitiative.ca\/International\/crise-anglophone-kumbo-larmee-repond-aux-accusations-de-human-rights-watch\/","title":{"rendered":"Crise anglophone-Kumbo : l\u2019arm\u00e9e r\u00e9pond aux accusations de Human Rights Watch"},"content":{"rendered":"<div readability=\"32\">\n<p>Publi\u00e9 le 11.04.2019 \u00e0 20h21 par journal du Cameroun<\/p>\n<\/div>\n<div readability=\"75\">\n<h2 class=\"c2\">Une communication d\u00e9ment des soupcons d\u2019exactions sur des civils dans une attaque d\u2019un camp de s\u00e9paratistes \u00e0 Melouf, dans la r\u00e9gion du Nord-ouest du Cameroun.<\/h2>\n<p class=\"c3\">Dans une \u00ab\u00a0note d\u2019information\u00a0\u00bb, qui ne porte aucune mention officielle, des d\u00e9tails sont apport\u00e9s sur l\u2019attaque du 4 avril \u00e0 Melouf, un quartier de Kumbo, r\u00e9gion du Nord-ouest du <strong>Cameroun<\/strong>.<\/p>\n<p class=\"c3\"><em>\u00ab\u00a0En effet, le 4 avril dernier, une Force constitu\u00e9e des \u00e9l\u00e9ments de la gendarmerie et de la police, a men\u00e9 une op\u00e9ration sur la base des renseignements re\u00e7us de la population, contre une <strong>base de retranchement d\u2019une bande de terroristes<\/strong> qui s\u2019\u00e9taient install\u00e9s au <strong>Lyc\u00e9e Technique de Kumbo<\/strong>, apr\u00e8s en avoir interdit l\u2019acc\u00e8s aux \u00e9l\u00e8ves\u00a0\u00bb,<\/em> apprend \u2013on de ce document.<\/p>\n<p class=\"c3\">L\u2019on peut \u00e9galement y lire que \u00ab\u00a0<em>la force, qui s\u2019est retrouv\u00e9e coinc\u00e9e par les tirs de l\u2019ennemi qui avait re\u00e7u du renfort des bases voisines, a \u00e9t\u00e9 soutenue par le d\u00e9tachement du BIR stationn\u00e9 dans la ville, dont le r\u00f4le principal a \u00e9t\u00e9 de d\u00e9gager les barricades et refermer les tranch\u00e9es creus\u00e9es \u00e0 plusieurs endroits sur la route\u00a0\u00bb.<\/em><\/p>\n<p><ins data-revive-zoneid=\"9\" data-revive-id=\"10111e19d28d19d031742ee3b0b33eb0\"\/> <\/p>\n<p class=\"c3\">Bilan des courses \u00ab\u00a0<em><strong>4 terroristes neutralis\u00e9s<\/strong>, 10 armes de traite r\u00e9cup\u00e9r\u00e9es, 18 munitions de calibre 12 r\u00e9cup\u00e9r\u00e9es, un stock de gris-gris d\u00e9truit\u00a0\u00bb.<\/em><\/p>\n<p class=\"c3\">Apr\u00e8s cette offensive, l\u2019Ong <strong>Human Rights Watch<\/strong> avait accus\u00e9 l\u2019arm\u00e9e du Cameroun d\u2019avoir tu\u00e9 des civils, dont une personne handicap\u00e9e et un gu\u00e9risseur traditionnel.<\/p>\n<p class=\"c3\">Pour certains observateurs, ces gu\u00e9risseurs traditionnels, pourvoyeurs de <strong>\u00ab\u00a0gris-gris\u00a0\u00bb<\/strong> contre les balles aux s\u00e9paratistes, agacent au plus haut point les soldats. Ils sont de fait des cibles militaires.<\/p>\n<\/div>\n<p>Auteur: Ludovic Amara<br \/>\n<a href=\"https:\/\/www.journalducameroun.com\/fr\/crise-anglophone-kumbo-larmee-repond-aux-accusations-de-human-rights-watch-cameroun\/\">Cliquez ici pour lire l&rsquo;article depuis sa source.<\/a><\/p>\n","protected":false},"excerpt":{"rendered":"<p>Publi\u00e9 le 11.04.2019 \u00e0 20h21 par journal du Cameroun Une communication d\u00e9ment des soupcons d\u2019exactions sur des civils dans une attaque d\u2019un camp de s\u00e9paratistes \u00e0 Melouf, dans la r\u00e9gion du Nord-ouest du Cameroun. Dans une \u00ab\u00a0note d\u2019information\u00a0\u00bb, qui ne porte aucune mention officielle, des d\u00e9tails sont apport\u00e9s sur l\u2019attaque du 4 avril \u00e0 Melouf, [&hellip;]<\/p>\n","protected":false},"author":1965,"featured_media":0,"comment_status":"closed","ping_status":"closed","sticky":false,"template":"","format":"standard","meta":{"fifu_image_url":"","fifu_image_alt":"","footnotes":""},"categories":[73,82],"tags":[],"class_list":["post-27321","post","type-post","status-publish","format-standard","hentry","category-actualite","category-cameroun"],"_links":{"self":[{"href":"https:\/\/linitiative.ca\/International\/wp-json\/wp\/v2\/posts\/27321","targetHints":{"allow":["GET"]}}],"collection":[{"href":"https:\/\/linitiative.ca\/International\/wp-json\/wp\/v2\/posts"}],"about":[{"href":"https:\/\/linitiative.ca\/International\/wp-json\/wp\/v2\/types\/post"}],"author":[{"embeddable":true,"href":"https:\/\/linitiative.ca\/International\/wp-json\/wp\/v2\/users\/1965"}],"replies":[{"embeddable":true,"href":"https:\/\/linitiative.ca\/International\/wp-json\/wp\/v2\/comments?post=27321"}],"version-history":[{"count":0,"href":"https:\/\/linitiative.ca\/International\/wp-json\/wp\/v2\/posts\/27321\/revisions"}],"wp:attachment":[{"href":"https:\/\/linitiative.ca\/International\/wp-json\/wp\/v2\/media?parent=27321"}],"wp:term":[{"taxonomy":"category","embeddable":true,"href":"https:\/\/linitiative.ca\/International\/wp-json\/wp\/v2\/categories?post=27321"},{"taxonomy":"post_tag","embeddable":true,"href":"https:\/\/linitiative.ca\/International\/wp-json\/wp\/v2\/tags?post=27321"}],"curies":[{"name":"wp","href":"https:\/\/api.w.org\/{rel}","templated":true}]}}