{"id":27322,"date":"2019-04-11T15:50:01","date_gmt":"2019-04-11T19:50:01","guid":{"rendered":"https:\/\/linitiative.ca\/International\/algerie-lex-general-ali-ghediri-annonce-sa-candidature-a-la-presidentielle\/"},"modified":"2019-04-11T15:50:01","modified_gmt":"2019-04-11T19:50:01","slug":"algerie-lex-general-ali-ghediri-annonce-sa-candidature-a-la-presidentielle","status":"publish","type":"post","link":"https:\/\/linitiative.ca\/International\/algerie-lex-general-ali-ghediri-annonce-sa-candidature-a-la-presidentielle\/","title":{"rendered":"Alg\u00e9rie: l\u2019ex-g\u00e9n\u00e9ral Ali Ghediri annonce sa candidature \u00e0 la pr\u00e9sidentielle"},"content":{"rendered":"<div readability=\"32\">\n<p>Publi\u00e9 le 11.04.2019 \u00e0 20h50 par AFP<\/p>\n<\/div>\n<div readability=\"102\">\n<p>Le g\u00e9n\u00e9ral \u00e0 la retraite Ali Ghediri a annonc\u00e9 jeudi, sur une cha\u00eene de t\u00e9l\u00e9vision priv\u00e9e, sa candidature \u00e0 la pr\u00e9sidentielle en Alg\u00e9rie, qui doit se tenir le 4 juillet pour trouver un successeur \u00e0 Abdelaziz Bouteflika.<\/p>\n<p>\u00ab\u00a0Il est \u00e9vident que je serai candidat, d\u2019autant plus que mon dossier est d\u00e9j\u00e0 au Conseil constitutionnel\u00a0\u00bb, a-t-il d\u00e9clar\u00e9 sur Dza\u00efr News.<\/p>\n<p>L\u2019organisation d\u2019une nouvelle pr\u00e9sidentielle a \u00e9t\u00e9 rejet\u00e9e par des protestataires, qui d\u00e9noncent une \u00e9lection organis\u00e9e par des responsables mis en place par M. Bouteflika.<\/p>\n<p>M. Ghediri \u00e9tait d\u00e9j\u00e0 candidat \u00e0 la pr\u00e9sidentielle pr\u00e9vue initialement le 18 avril, avant que celle-ci ne soit annul\u00e9e dans une tentative d\u2019Abdelaziz Bouteflika de se maintenir au pouvoir. Il a finalement \u00e9t\u00e9 pouss\u00e9 \u00e0 la d\u00e9mission le 2 avril.<\/p>\n<p>\u00ab\u00a0Le temps joue contre nous et plus la r\u00e9volution dure dans le temps, plus les risques augmentent, notamment les risques s\u00e9curitaires\u00a0\u00bb, a poursuivi M. Ghediri, estimant que le chef de la puissante arm\u00e9e alg\u00e9rienne, Ahmed Ga\u00efd Salah, a eu raison \u00ab\u00a0en mettant en garde les Alg\u00e9riens\u00a0\u00bb.<\/p>\n<p>Mercredi, le g\u00e9n\u00e9ral Ga\u00efd Salah a mis en garde contre la poursuite des manifestations antir\u00e9gime, et s\u2019est engag\u00e9 \u00e0 ce que l\u2019arm\u00e9e veille \u00e0 la \u00ab\u00a0transparence\u00a0\u00bb du processus de transition.<\/p>\n<p><ins data-revive-zoneid=\"9\" data-revive-id=\"10111e19d28d19d031742ee3b0b33eb0\"\/> <\/p>\n<p>Jeudi, le Front de Lib\u00e9ration nationale (FLN), parti pr\u00e9sidentiel, et le Rassemblement national d\u00e9mocratique (RND), pilier de la majorit\u00e9, ont salu\u00e9 le processus de transition soutenu par l\u2019arm\u00e9e.<\/p>\n<p>Dans un communiqu\u00e9 transmis \u00e0 l\u2019AFP, le FLN a \u00ab\u00a0exprim\u00e9 sa satisfaction de voir pr\u00e9valoir la solution constitutionnelle pour d\u00e9passer la crise actuelle\u00a0\u00bb, et salu\u00e9 \u00ab\u00a0l\u2019engagement du commandement de l\u2019arm\u00e9e de garantir le bon d\u00e9roulement des \u00e9lections pr\u00e9sidentielles\u00a0\u00bb.<\/p>\n<p>De son c\u00f4t\u00e9, le RND s\u2019est dit \u00ab\u00a0satisfait du discours du vice-ministre de la D\u00e9fense qui a assur\u00e9 que l\u2019institution militaire allait accompagner le processus transitoire, garantir les conditions de probit\u00e9 et de transparence du processus \u00e9lectoral, respecter la Constitution et d\u00e9fendre le pays de toute tentative de d\u00e9stabilisation \u00e9trang\u00e8re\u00a0\u00bb.<\/p>\n<p>En milieu de journ\u00e9e \u00e0 Alger, quelques centaines de manifestants se sont rassembl\u00e9s pr\u00e8s de la Grande Poste, en d\u00e9pit de cordons policiers emp\u00eachant l\u2019acc\u00e8s au parvis de ce b\u00e2timent devenu l\u2019\u00e9picentre du mouvement de contestation qui dure depuis pr\u00e8s de deux mois.<\/p>\n<p>Le minist\u00e8re de l\u2019Int\u00e9rieur a annonc\u00e9 jeudi que les inscriptions sur les listes \u00e9lectorales seraient ouvertes du 16 au 23 avril, et que les formulaires de candidature \u00e0 la pr\u00e9sidentielle pouvaient \u00eatre retir\u00e9s au minist\u00e8re, sans pr\u00e9ciser de date.<\/p>\n<\/div>\n<p>Auteur: AFP<br \/>\n<a href=\"https:\/\/www.journalducameroun.com\/fr\/algerie-lex-general-ali-ghediri-annonce-sa-candidature-a-la-presidentielle\/\">Cliquez ici pour lire l&rsquo;article depuis sa source.<\/a><\/p>\n","protected":false},"excerpt":{"rendered":"<p>Publi\u00e9 le 11.04.2019 \u00e0 20h50 par AFP Le g\u00e9n\u00e9ral \u00e0 la retraite Ali Ghediri a annonc\u00e9 jeudi, sur une cha\u00eene de t\u00e9l\u00e9vision priv\u00e9e, sa candidature \u00e0 la pr\u00e9sidentielle en Alg\u00e9rie, qui doit se tenir le 4 juillet pour trouver un successeur \u00e0 Abdelaziz Bouteflika. \u00ab\u00a0Il est \u00e9vident que je serai candidat, d\u2019autant plus que mon [&hellip;]<\/p>\n","protected":false},"author":1965,"featured_media":0,"comment_status":"closed","ping_status":"closed","sticky":false,"template":"","format":"standard","meta":{"fifu_image_url":"","fifu_image_alt":"","footnotes":""},"categories":[73,82],"tags":[],"class_list":["post-27322","post","type-post","status-publish","format-standard","hentry","category-actualite","category-cameroun"],"_links":{"self":[{"href":"https:\/\/linitiative.ca\/International\/wp-json\/wp\/v2\/posts\/27322","targetHints":{"allow":["GET"]}}],"collection":[{"href":"https:\/\/linitiative.ca\/International\/wp-json\/wp\/v2\/posts"}],"about":[{"href":"https:\/\/linitiative.ca\/International\/wp-json\/wp\/v2\/types\/post"}],"author":[{"embeddable":true,"href":"https:\/\/linitiative.ca\/International\/wp-json\/wp\/v2\/users\/1965"}],"replies":[{"embeddable":true,"href":"https:\/\/linitiative.ca\/International\/wp-json\/wp\/v2\/comments?post=27322"}],"version-history":[{"count":0,"href":"https:\/\/linitiative.ca\/International\/wp-json\/wp\/v2\/posts\/27322\/revisions"}],"wp:attachment":[{"href":"https:\/\/linitiative.ca\/International\/wp-json\/wp\/v2\/media?parent=27322"}],"wp:term":[{"taxonomy":"category","embeddable":true,"href":"https:\/\/linitiative.ca\/International\/wp-json\/wp\/v2\/categories?post=27322"},{"taxonomy":"post_tag","embeddable":true,"href":"https:\/\/linitiative.ca\/International\/wp-json\/wp\/v2\/tags?post=27322"}],"curies":[{"name":"wp","href":"https:\/\/api.w.org\/{rel}","templated":true}]}}