{"id":27349,"date":"2019-04-12T03:42:14","date_gmt":"2019-04-12T07:42:14","guid":{"rendered":"https:\/\/linitiative.ca\/International\/logistique-un-secteur-qui-voit-grand\/"},"modified":"2019-04-12T03:42:14","modified_gmt":"2019-04-12T07:42:14","slug":"logistique-un-secteur-qui-voit-grand","status":"publish","type":"post","link":"https:\/\/linitiative.ca\/International\/logistique-un-secteur-qui-voit-grand\/","title":{"rendered":"Logistique, un secteur qui voit grand"},"content":{"rendered":"<p><img decoding=\"async\" class=\"post_layout_5_img\" src=\"http:\/\/aujourdhui.ma\/wp-content\/uploads\/2017\/05\/Logistique.jpg?x29840\" alt=\"Logistique, un secteur qui voit grand\"\/><\/p>\n<p>Le Maroc mise sur le secteur de la logistique pour devenir un v\u00e9ritable hub r\u00e9gional. Les chiffres sont dans ce sens, \u00e9difiants. <span id=\"more-309124\"\/>Les activit\u00e9s de transport de marchandises et de la logistique p\u00e8sent pour plus de 5% au PIB marocain (Produit int\u00e9rieur brut) sachant que le secteur de la logistique a pu cr\u00e9er 26.000 emplois nets directs durant la p\u00e9riode 2010-2017. Selon le ministre de l\u2019\u00e9quipement, du transport, de la logistique et de l\u2019eau, Abdelkader Amara, le d\u00e9veloppement des op\u00e9rateurs nationaux et l\u2019installation de plusieurs op\u00e9rateurs internationaux dans les plates-formes strat\u00e9giques mises en place dans le Royaume, notamment \u00e0 Tanger et \u00e0 Casablanca, sont \u00e0 la base de ces r\u00e9alisations, a-t-il fait remarquer, pr\u00e9cisant qu\u2019une quinzaine d\u2019op\u00e9rateurs logistiques int\u00e9gr\u00e9s pr\u00e9sents au Maroc compte parmi le top 20 des meilleurs logisticiens mondiaux.<\/p>\n<p>Le ministre qui s\u2019exprimait \u00e0 l\u2019ouverture de la 8\u00e8me \u00e9dition du Salon international du transport et de la logistique pour l\u2019Afrique et la M\u00e9diterran\u00e9e (Logismed), a fait savoir au sujet de la strat\u00e9gie nationale de comp\u00e9titivit\u00e9 logistique qu\u2019une \u00abr\u00e9elle d\u00e9marche d\u2019intelligence collaborative a \u00e9t\u00e9 entreprise tout au long du processus de pilotage et de d\u00e9ploiement de la strat\u00e9gie\u00bb, pr\u00e9cisant que lors de l\u2019\u00e9laboration de ladite strat\u00e9gie, le minist\u00e8re de l\u2019\u00e9quipement a adopt\u00e9 une d\u00e9marche de concertation avec l\u2019ensemble des acteurs priv\u00e9s et publics qui a \u00e9t\u00e9 couronn\u00e9e par la signature d\u2019un ensemble de contrats d\u2019application visant \u00e0 pr\u00e9ciser les engagements des parties impliqu\u00e9es et \u00e0 coordonner leurs interventions sur le terrain. \u00abDepuis le lancement de cette strat\u00e9gie et gr\u00e2ce \u00e0 la d\u00e9marche participative adopt\u00e9e, d\u2019importantes avanc\u00e9es ont, en effet, \u00e9t\u00e9 constat\u00e9es en mati\u00e8re de d\u00e9veloppement d\u2019offres d\u2019installations et de services logistiques aussi bien dans les domaines du transport routier de marchandises et de l\u2019entreposage que dans le freight-forwarding et la logistique internationale\u00bb, a-t-il expliqu\u00e9.<\/p>\n<p>Il faut dire que le minist\u00e8re a lanc\u00e9, \u00e0 travers l\u2019Agence marocaine de d\u00e9veloppement de la logistique (AMDL), l\u2019initiative \u00abMorroccan Green Logistics\u00bb tendant \u00e0 valoriser la contribution du secteur logistique national aux objectifs de d\u00e9veloppement durable vis\u00e9 par le Royaume et \u00e0 mobiliser durablement les acteurs concern\u00e9s autour de nouvelles actions collaboratives \u00e0 l\u2019image de l\u2019\u00e9tablissement de la Charte marocaine en faveur de la logistique verte en partenariat avec la Conf\u00e9d\u00e9ration g\u00e9n\u00e9rale des entreprises du Maroc (CGEM) et de concert avec les acteurs de la communaut\u00e9 logistique marocaine, a-t-il poursuivi, soulignant qu\u2019une attention particuli\u00e8re a \u00e9t\u00e9 accord\u00e9e \u00e0 la r\u00e9duction de l\u2019impact environnemental du transport de marchandises \u00e0 travers le lancement d\u2019un chantier de structuration de la logistique urbaine. A noter que la mise en \u0153uvre des mesures et actions relatives \u00e0 la strat\u00e9gie nationale s\u2019op\u00e9rera progressivement et en plusieurs phases, avec des objectifs ambitieux \u00e0 court et moyen termes, pour un d\u00e9ploiement complet \u00e0 l\u2019horizon 2030. \u00abDans le cadre de l\u2019ex\u00e9cution de la strat\u00e9gie nationale logistique, le contrat-programme entre l\u2019Etat et le secteur priv\u00e9 pr\u00e9voit la conclusion de contrats d\u2019application pour le d\u00e9veloppement des plates-formes logistiques au niveau r\u00e9gional ainsi que des contrats d\u2019application horizontaux et sectoriels relatifs \u00e0 la formation ainsi qu\u2019\u00e0 l\u2019am\u00e9lioration des cha\u00eenes logistiques relatives aux flux des produits \u00e9nerg\u00e9tiques, produits agricoles, distribution nationale, mat\u00e9riaux de construction et au flux import\/export\u00bb, disent les responsables. Pour rappel, le ministre de l\u2019\u00e9quipement, du transport, de la logistique et de l\u2019eau avait pr\u00e9sid\u00e9 en f\u00e9vrier dernier au si\u00e8ge du minist\u00e8re une r\u00e9union portant sur un nombre de sujets relatifs \u00e0 la gouvernance de la Soci\u00e9t\u00e9 nationale du transport et de la logistique (SNTL) et le contrat-programme qui a pour objectif de d\u00e9velopper le secteur de la logistique au Maroc. Les responsables veulent ainsi acc\u00e9l\u00e9rer la mise en \u0153uvre des actions pr\u00e9vues dans le cadre de la stat\u00e9gie nationale.<\/p>\n<p>Auteur: ALM<br \/>\n<a href=\"http:\/\/aujourdhui.ma\/economie\/logistique-un-secteur-qui-voit-grand\">Cliquez ici pour lire l&rsquo;article depuis sa source.<\/a><\/p>\n","protected":false},"excerpt":{"rendered":"<p>Le Maroc mise sur le secteur de la logistique pour devenir un v\u00e9ritable hub r\u00e9gional. Les chiffres sont dans ce sens, \u00e9difiants. Les activit\u00e9s de transport de marchandises et de la logistique p\u00e8sent pour plus de 5% au PIB marocain (Produit int\u00e9rieur brut) sachant que le secteur de la logistique a pu cr\u00e9er 26.000 emplois [&hellip;]<\/p>\n","protected":false},"author":1759,"featured_media":0,"comment_status":"closed","ping_status":"closed","sticky":false,"template":"","format":"standard","meta":{"fifu_image_url":"","fifu_image_alt":"","footnotes":""},"categories":[73,54],"tags":[],"class_list":["post-27349","post","type-post","status-publish","format-standard","hentry","category-actualite","category-maroc"],"_links":{"self":[{"href":"https:\/\/linitiative.ca\/International\/wp-json\/wp\/v2\/posts\/27349","targetHints":{"allow":["GET"]}}],"collection":[{"href":"https:\/\/linitiative.ca\/International\/wp-json\/wp\/v2\/posts"}],"about":[{"href":"https:\/\/linitiative.ca\/International\/wp-json\/wp\/v2\/types\/post"}],"author":[{"embeddable":true,"href":"https:\/\/linitiative.ca\/International\/wp-json\/wp\/v2\/users\/1759"}],"replies":[{"embeddable":true,"href":"https:\/\/linitiative.ca\/International\/wp-json\/wp\/v2\/comments?post=27349"}],"version-history":[{"count":0,"href":"https:\/\/linitiative.ca\/International\/wp-json\/wp\/v2\/posts\/27349\/revisions"}],"wp:attachment":[{"href":"https:\/\/linitiative.ca\/International\/wp-json\/wp\/v2\/media?parent=27349"}],"wp:term":[{"taxonomy":"category","embeddable":true,"href":"https:\/\/linitiative.ca\/International\/wp-json\/wp\/v2\/categories?post=27349"},{"taxonomy":"post_tag","embeddable":true,"href":"https:\/\/linitiative.ca\/International\/wp-json\/wp\/v2\/tags?post=27349"}],"curies":[{"name":"wp","href":"https:\/\/api.w.org\/{rel}","templated":true}]}}