{"id":27357,"date":"2019-04-12T03:58:23","date_gmt":"2019-04-12T07:58:23","guid":{"rendered":"https:\/\/linitiative.ca\/International\/ribab-fusion-lance-alak\/"},"modified":"2019-04-12T03:58:23","modified_gmt":"2019-04-12T07:58:23","slug":"ribab-fusion-lance-alak","status":"publish","type":"post","link":"https:\/\/linitiative.ca\/International\/ribab-fusion-lance-alak\/","title":{"rendered":"Ribab Fusion lance \u00abAlak\u00bb :"},"content":{"rendered":"<header>\n<\/header>\n<div class=\"entry-content clearfix\" readability=\"62\"><img decoding=\"async\" class=\"post_layout_5_img\" src=\"http:\/\/aujourdhui.ma\/wp-content\/uploads\/2018\/04\/Ribab-Fusion.jpg?x29840\" alt=\"Ribab Fusion lance \u00abAlak\u00bb :\"\/><\/p>\n<p>La troupe Ribab Fusion revient sur la sc\u00e8ne musicale avec une nouvelle vid\u00e9o clip intitul\u00e9e \u00abAlak\u00bb. Produit avec le soutien du festival Timitar, ce tube est lanc\u00e9 r\u00e9cemment sur les r\u00e9seaux sociaux.<span id=\"more-309147\"\/> Il a pu r\u00e9colter d\u2019ailleurs \u00e0 peu pr\u00e8s 13.504 vues sur Youtube. Chant\u00e9 en dialecte marocain et amazigh, \u00abAlak\u00bb a n\u00e9cessit\u00e9 neuf mois de travail. Selon Bouhssine Foulane, fondateur et porte-parole du groupe, \u00abce tube cherche \u00e0 aborder, les probl\u00e8mes sociaux et \u00e9conomiques et les difficult\u00e9s que rencontrent la jeunesse marocaine\u00bb. Produit avec le soutien du festival Timitar, ce nouveau titre fait r\u00e9f\u00e9rence \u00e0 l\u2019\u00e9vasion des jeunes des nombreuses conditions de la vie pour passer \u00e0 une \u00e9tape B. Ribab Fusion est souvent qualifi\u00e9 comme l\u2019un des ambassadeurs de la musique amazighe au style r\u00e9solument moderne. Cr\u00e9\u00e9 \u00e0 Agadir en 2008, il est compos\u00e9 de six membres, dont le c\u00e9l\u00e8bre joueur de ribab, Bouhssine Foulane.<\/p>\n<p>Il est n\u00e9 du r\u00eave de mettre en avant l\u2019instrument du ribab sur la sc\u00e8ne musicale marocaine, tout en le portant au-del\u00e0 des fronti\u00e8res pour diffuser la musique Amazighe. Cette formation repr\u00e9sente un hommage \u00e0 la tendresse, un voyage mythique aux racines intarissables de la culture amazighe, un hymne compos\u00e9 de chants traditionnels du Souss et ses musiques villageoises. Ribab Fusion a \u00e9labor\u00e9 une identit\u00e9 musicale originale, tout en installant un \u00e9tat d\u2019esprit et un style r\u00e9solument moderne, ouvert sur les musiques du monde. La formation compte \u00e0 son actif plusieurs titres en amazigh. Parmi lesquels, \u00abTamont\u00bb, \u00abTissoura\u00bb, \u00abTagrawla\u00bb, \u00abLes foulani\u00bb, \u00abAzemz\u00bb, \u00abInahana\u00bb, \u00abMarhaba\u00bb et autres. Elle a pris part \u00e0 de nombreux \u00e9v\u00e9nements nationaux d\u2019envergure tels que Timitar, Festival Gnaoua d\u2019Essaouira et le Festival de Jazz au Chellah.<\/p>\n<\/div>\n<p>Auteur: ALM<br \/>\n<a href=\"http:\/\/aujourdhui.ma\/culture\/musique\/ribab-fusion-lance-alak\">Cliquez ici pour lire l&rsquo;article depuis sa source.<\/a><\/p>\n","protected":false},"excerpt":{"rendered":"<p>La troupe Ribab Fusion revient sur la sc\u00e8ne musicale avec une nouvelle vid\u00e9o clip intitul\u00e9e \u00abAlak\u00bb. Produit avec le soutien du festival Timitar, ce tube est lanc\u00e9 r\u00e9cemment sur les r\u00e9seaux sociaux. Il a pu r\u00e9colter d\u2019ailleurs \u00e0 peu pr\u00e8s 13.504 vues sur Youtube. Chant\u00e9 en dialecte marocain et amazigh, \u00abAlak\u00bb a n\u00e9cessit\u00e9 neuf mois [&hellip;]<\/p>\n","protected":false},"author":1759,"featured_media":0,"comment_status":"closed","ping_status":"closed","sticky":false,"template":"","format":"standard","meta":{"fifu_image_url":"","fifu_image_alt":"","footnotes":""},"categories":[73,54],"tags":[],"class_list":["post-27357","post","type-post","status-publish","format-standard","hentry","category-actualite","category-maroc"],"_links":{"self":[{"href":"https:\/\/linitiative.ca\/International\/wp-json\/wp\/v2\/posts\/27357","targetHints":{"allow":["GET"]}}],"collection":[{"href":"https:\/\/linitiative.ca\/International\/wp-json\/wp\/v2\/posts"}],"about":[{"href":"https:\/\/linitiative.ca\/International\/wp-json\/wp\/v2\/types\/post"}],"author":[{"embeddable":true,"href":"https:\/\/linitiative.ca\/International\/wp-json\/wp\/v2\/users\/1759"}],"replies":[{"embeddable":true,"href":"https:\/\/linitiative.ca\/International\/wp-json\/wp\/v2\/comments?post=27357"}],"version-history":[{"count":0,"href":"https:\/\/linitiative.ca\/International\/wp-json\/wp\/v2\/posts\/27357\/revisions"}],"wp:attachment":[{"href":"https:\/\/linitiative.ca\/International\/wp-json\/wp\/v2\/media?parent=27357"}],"wp:term":[{"taxonomy":"category","embeddable":true,"href":"https:\/\/linitiative.ca\/International\/wp-json\/wp\/v2\/categories?post=27357"},{"taxonomy":"post_tag","embeddable":true,"href":"https:\/\/linitiative.ca\/International\/wp-json\/wp\/v2\/tags?post=27357"}],"curies":[{"name":"wp","href":"https:\/\/api.w.org\/{rel}","templated":true}]}}