{"id":27358,"date":"2019-04-12T04:00:28","date_gmt":"2019-04-12T08:00:28","guid":{"rendered":"https:\/\/linitiative.ca\/International\/oppo-lance-le-f11-et-le-f11-pro-un-produit-chic-a-prix-choc\/"},"modified":"2019-04-12T04:00:28","modified_gmt":"2019-04-12T08:00:28","slug":"oppo-lance-le-f11-et-le-f11-pro-un-produit-chic-a-prix-choc","status":"publish","type":"post","link":"https:\/\/linitiative.ca\/International\/oppo-lance-le-f11-et-le-f11-pro-un-produit-chic-a-prix-choc\/","title":{"rendered":"Oppo lance le F11 et le F11 Pro : Un produit chic \u00e0 prix choc"},"content":{"rendered":"<p><img decoding=\"async\" class=\"post_layout_5_img\" src=\"http:\/\/aujourdhui.ma\/wp-content\/uploads\/2019\/04\/oppo.jpg?x29840\" alt=\"Oppo lance le F11 et le F11 Pro : Un produit chic \u00e0 prix choc\"\/><\/p>\n<p>Oppo met la barre encore une fois tr\u00e8s haut avec le lancement de ses deux derniers fleurons le F11 et le F11 Pro.<span id=\"more-309149\"\/> Cette fois, la s\u00e9rie F11 \u00e9volue pour passer de \u00abSelfie Expert\u00bb, \u00e0 \u00abPortrait Master\u00bb, et ce gr\u00e2ce \u00e0 son tout nouveau capteur d\u2019image de 48 m\u00e9gapixels (MP) qui procure aux utilisateurs une exp\u00e9rience photographique \u00absans pr\u00e9c\u00e9dent\u00bb. La firme chinoise a minutieusement mis au point les derni\u00e8res technologies au service de ces smartphones. Les mises \u00e0 niveau logicielles et mat\u00e9rielles se combinent donc pour am\u00e9liorer l\u2019autonomie de la batterie, mais \u00e9galement les performances en mati\u00e8re de jeu et d\u2019exp\u00e9rience utilisateur. Le F11 Pro dispose, en outre, d\u2019un affichage plein \u00e9cran, sans la pr\u00e9sence de la moindre encoche et ce gr\u00e2ce \u00e0 un module de cam\u00e9ra frontale compl\u00e8tement dissimul\u00e9.<\/p>\n<p>Le design a \u00e9t\u00e9 \u00e9galement soigneusement revisit\u00e9. Oppo a dot\u00e9 la s\u00e9rie F11 d\u2019un d\u00e9grad\u00e9 de couleurs et de nombreuses perc\u00e9es r\u00e9alis\u00e9es. S\u2019agissant des d\u00e9tails techniques, la s\u00e9rie F11 est \u00e9quip\u00e9e d\u2019un \u00e9cran Full HD + de 6,5 pouces qui d\u00e9livre un rapport de format 19,5: 9, pour un rapport \u00e9cran sur \u00e9cran de 90,9%. Le F11 Pro comporte, en plus, un module de cam\u00e9ra frontale cach\u00e9 qui permet un affichage plein \u00e9cran sans la pr\u00e9sence de la moindre encoche. Le moteur de la cam\u00e9ra a \u00e9t\u00e9 minutieusement test\u00e9 pour pouvoir garantir un fonctionnement sans faille et ce jusqu\u2019\u00e0 100 fois par jour pendant 6 ans, garantissant ainsi une exp\u00e9rience utilisateur parfaitement positive.<\/p>\n<p>Et comme son nom l\u2019indique, la s\u00e9rie F11 a fait un focus sur la photographie. Oppo ambitionne de faire progresser ce domaine via selfie. Aujourd\u2019hui, cette s\u00e9rie a r\u00e9ussi \u00e0 franchir une toute nouvelle \u00e9tape en offrant aux utilisateurs la possibilit\u00e9 d\u2019exp\u00e9rimenter le mode Portrait. Afin de pouvoir efficacement aider ces derniers \u00e0 capturer de superbes photos quelle que soit la situation, Oppo a d\u00e9ploy\u00e9 des moyens consid\u00e9rables dans le but de faciliter la prise de photos de nuit comme de jour. La s\u00e9rie F11 est ainsi \u00e9quip\u00e9e d\u2019un capteur d\u2019image de 48 MP dot\u00e9 d\u2019une grande ouverture F1.79. Associ\u00e9 \u00e0 un objectif 6P, l\u2019appareil photo est capable de d\u00e9tecter encore plus de lumi\u00e8re lors des prises de vue et ce m\u00eame lorsque la luminosit\u00e9 est tr\u00e8s faible, ce qui garantit ainsi une capture plus en d\u00e9tails. Par ailleurs, la s\u00e9rie F11 est \u00e9quip\u00e9e d\u2019une batterie d\u00e9livrant une capacit\u00e9 de 4 000 mAh, soit 500 mAh de plus que la g\u00e9n\u00e9ration pr\u00e9c\u00e9dente. La toute nouvelle technologie de recharge flash VOOC 3.0 s\u2019appuie sur un nouvel algorithme FFC qui permet de r\u00e9duire le temps de recharge de 20 minutes par rapport \u00e0 la g\u00e9n\u00e9ration pr\u00e9c\u00e9dente. Pour ce qui est de la s\u00e9curit\u00e9, Oppo a mis en place des adaptateurs sp\u00e9ciaux, mais aussi des batteries, des c\u00e2bles, des circuits et des interfaces, tout en d\u00e9veloppant sa technologie de protection intelligente \u00e0 cinq couches qui prot\u00e8ge efficacement les utilisateurs.<\/p>\n<p>Sachez finalement que Oppo F11 sera disponible en version 4 Go + 128. Pour ce qui est de la version Oppo F11 Pro, la version 6 Go + 128 Go sera commercialis\u00e9e au prix de 3.999 DH \u00e0 partir du 18 avril.<\/p>\n<p>Auteur: ALM<br \/>\n<a href=\"http:\/\/aujourdhui.ma\/high-tech\/oppo-lance-le-f11-et-le-f11-pro-un-produit-chic-a-prix-choc\">Cliquez ici pour lire l&rsquo;article depuis sa source.<\/a><\/p>\n","protected":false},"excerpt":{"rendered":"<p>Oppo met la barre encore une fois tr\u00e8s haut avec le lancement de ses deux derniers fleurons le F11 et le F11 Pro. Cette fois, la s\u00e9rie F11 \u00e9volue pour passer de \u00abSelfie Expert\u00bb, \u00e0 \u00abPortrait Master\u00bb, et ce gr\u00e2ce \u00e0 son tout nouveau capteur d\u2019image de 48 m\u00e9gapixels (MP) qui procure aux utilisateurs une [&hellip;]<\/p>\n","protected":false},"author":1759,"featured_media":0,"comment_status":"closed","ping_status":"closed","sticky":false,"template":"","format":"standard","meta":{"fifu_image_url":"","fifu_image_alt":"","footnotes":""},"categories":[73,54],"tags":[],"class_list":["post-27358","post","type-post","status-publish","format-standard","hentry","category-actualite","category-maroc"],"_links":{"self":[{"href":"https:\/\/linitiative.ca\/International\/wp-json\/wp\/v2\/posts\/27358","targetHints":{"allow":["GET"]}}],"collection":[{"href":"https:\/\/linitiative.ca\/International\/wp-json\/wp\/v2\/posts"}],"about":[{"href":"https:\/\/linitiative.ca\/International\/wp-json\/wp\/v2\/types\/post"}],"author":[{"embeddable":true,"href":"https:\/\/linitiative.ca\/International\/wp-json\/wp\/v2\/users\/1759"}],"replies":[{"embeddable":true,"href":"https:\/\/linitiative.ca\/International\/wp-json\/wp\/v2\/comments?post=27358"}],"version-history":[{"count":0,"href":"https:\/\/linitiative.ca\/International\/wp-json\/wp\/v2\/posts\/27358\/revisions"}],"wp:attachment":[{"href":"https:\/\/linitiative.ca\/International\/wp-json\/wp\/v2\/media?parent=27358"}],"wp:term":[{"taxonomy":"category","embeddable":true,"href":"https:\/\/linitiative.ca\/International\/wp-json\/wp\/v2\/categories?post=27358"},{"taxonomy":"post_tag","embeddable":true,"href":"https:\/\/linitiative.ca\/International\/wp-json\/wp\/v2\/tags?post=27358"}],"curies":[{"name":"wp","href":"https:\/\/api.w.org\/{rel}","templated":true}]}}