{"id":27395,"date":"2019-04-11T14:13:49","date_gmt":"2019-04-11T18:13:49","guid":{"rendered":"https:\/\/linitiative.ca\/International\/mila-un-quota-supplementaire-de-1000-unites-promotionnelles-aidees-et-rurales\/"},"modified":"2019-04-11T14:13:49","modified_gmt":"2019-04-11T18:13:49","slug":"mila-un-quota-supplementaire-de-1000-unites-promotionnelles-aidees-et-rurales","status":"publish","type":"post","link":"https:\/\/linitiative.ca\/International\/mila-un-quota-supplementaire-de-1000-unites-promotionnelles-aidees-et-rurales\/","title":{"rendered":"Mila: un quota suppl\u00e9mentaire de 1000 unit\u00e9s promotionnelles aid\u00e9es et rurales"},"content":{"rendered":"<div>\n<div class=\"K2FeedImage\"><img decoding=\"async\" src=\"http:\/\/www.aps.dz\/media\/k2\/items\/cache\/0bde0ac9e55be465450281dbf08e26f1_S.jpg\" alt=\"Mila: un quota suppl\u00e9mentaire de 1000 unit\u00e9s promotionnelles aid\u00e9es et rurales\"><\/div>\n<div class=\"K2FeedIntroText\">\n<p><strong>MILA &#8211; Le ministre de l&rsquo;Habitat, de l\u2019Urbanisme et de la Ville, Kamel Beldjoud, a fait \u00e9tat jeudi d&rsquo;un quota suppl\u00e9mentaire, pour la wilaya de Mila, de 1000 logements, 500 promotionnels aid\u00e9s et 500 aides au logement rural.<\/strong><\/p>\n<\/div>\n<div class=\"K2FeedFullText\">\n<p>Au cours d&rsquo;un expos\u00e9 sur le secteur dans la wilaya, le ministre a insist\u00e9 sur la n\u00e9cessaire concr\u00e9tisation de tous les programmes de logement et la lev\u00e9e des entraves emp\u00eachant leur lancement, rappelant que la wilaya a b\u00e9n\u00e9fici\u00e9 de 850 logements promotionnels aid\u00e9s auxquels s\u2019ajouteront 500 suppl\u00e9mentaires.<\/p>\n<p>Il a fait \u00e9galement \u00e9tat de l\u2019octroi de 500 aides suppl\u00e9mentaires pour le logement rural et exhort\u00e9 les pr\u00e9sidents des APC \u00e0 ex\u00e9cuter les programmes accord\u00e9s \u00e0 chaque commune dans \u00ab\u00a0la transparence totale\u00a0\u00bb pour acc\u00e9der \u00e0 de nouveaux projets.<\/p>\n<p>Le ministre a \u00e9galement assur\u00e9 qu\u2019un montant de 600 millions DA a \u00e9t\u00e9 accord\u00e9 \u00e0 la wilaya pour prendre en charge les travaux d\u2019am\u00e9nagement et de raccordement aux divers r\u00e9seaux.<\/p>\n<hr>\n<h3>Lire aussi:\u00a0<a href=\"http:\/\/www.aps.dz\/economie\/87958-beldjoud-lancement-des-projets-d-equipement-et-de-logements\" target=\"_blank\" rel=\"noopener noreferrer\">Beldjoud: lancement des projets d\u2019\u00e9quipement et de logements<\/a><\/h3>\n<hr>\n<p>Kamel Beldjoud a pr\u00e9sid\u00e9 \u00e9galement l&rsquo;op\u00e9ration de remise des cl\u00e9s du tout premier quota de logements AADL dans la wilaya compos\u00e9 de 900 unit\u00e9s,\u00a0 500 logements \u00e0 Chelghoum La\u00efd et 400 \u00e0 Tadjenanet.<\/p>\n<p>Il a assur\u00e9 aux souscripteurs \u00e0 cette formule que \u00ab\u00a0quiconque ayant effectu\u00e9 le premier versement aura son logement\u00a0\u00bb, affirmant que les programmes inscrits couvrent toutes les demandes des souscripteurs et \u00ab\u00a0le travail est en cours pour r\u00e9soudre le probl\u00e8me du foncier r\u00e9serv\u00e9 \u00e0 ces projets.\u00a0\u00bb<\/p>\n<p>Il a \u00e9galement affirm\u00e9 que les op\u00e9rations de distribution de logements des diverses formules se poursuivront le long de cette ann\u00e9e.<\/p>\n<p>Aux citoyens qui attendent toujours la r\u00e9ception de leurs logements, le ministre a indiqu\u00e9 que les efforts sont engag\u00e9s pour acc\u00e9l\u00e9rer la cadence des travaux, avant d&rsquo;affirmer que l\u2019Etat a d\u00e9ploy\u00e9 un \u00ab\u00a0effort colossal dans le domaine du logement et continuera \u00e0 le faire\u00a0\u00bb.<\/p>\n<\/div>\n<\/div>\n<p>Auteur:<br \/>\n<a href=\"http:\/\/www.aps.dz\/regions\/87970-mila-un-quota-supplementaire-de-1000-unites-promotionnelles-aidees-et-rurales\">Cliquez ici pour lire l&rsquo;article depuis sa source.<\/a><\/p>\n","protected":false},"excerpt":{"rendered":"<p>MILA &#8211; Le ministre de l&rsquo;Habitat, de l\u2019Urbanisme et de la Ville, Kamel Beldjoud, a fait \u00e9tat jeudi d&rsquo;un quota suppl\u00e9mentaire, pour la wilaya de Mila, de 1000 logements, 500 promotionnels aid\u00e9s et 500 aides au logement rural. Au cours d&rsquo;un expos\u00e9 sur le secteur dans la wilaya, le ministre a insist\u00e9 sur la n\u00e9cessaire [&hellip;]<\/p>\n","protected":false},"author":1790,"featured_media":27396,"comment_status":"closed","ping_status":"closed","sticky":false,"template":"","format":"standard","meta":{"fifu_image_url":"","fifu_image_alt":"","footnotes":""},"categories":[53,76],"tags":[],"class_list":["post-27395","post","type-post","status-publish","format-standard","has-post-thumbnail","hentry","category-algerie","category-regions"],"_links":{"self":[{"href":"https:\/\/linitiative.ca\/International\/wp-json\/wp\/v2\/posts\/27395","targetHints":{"allow":["GET"]}}],"collection":[{"href":"https:\/\/linitiative.ca\/International\/wp-json\/wp\/v2\/posts"}],"about":[{"href":"https:\/\/linitiative.ca\/International\/wp-json\/wp\/v2\/types\/post"}],"author":[{"embeddable":true,"href":"https:\/\/linitiative.ca\/International\/wp-json\/wp\/v2\/users\/1790"}],"replies":[{"embeddable":true,"href":"https:\/\/linitiative.ca\/International\/wp-json\/wp\/v2\/comments?post=27395"}],"version-history":[{"count":0,"href":"https:\/\/linitiative.ca\/International\/wp-json\/wp\/v2\/posts\/27395\/revisions"}],"wp:featuredmedia":[{"embeddable":true,"href":"https:\/\/linitiative.ca\/International\/wp-json\/"}],"wp:attachment":[{"href":"https:\/\/linitiative.ca\/International\/wp-json\/wp\/v2\/media?parent=27395"}],"wp:term":[{"taxonomy":"category","embeddable":true,"href":"https:\/\/linitiative.ca\/International\/wp-json\/wp\/v2\/categories?post=27395"},{"taxonomy":"post_tag","embeddable":true,"href":"https:\/\/linitiative.ca\/International\/wp-json\/wp\/v2\/tags?post=27395"}],"curies":[{"name":"wp","href":"https:\/\/api.w.org\/{rel}","templated":true}]}}