{"id":27427,"date":"2019-04-12T15:14:21","date_gmt":"2019-04-12T19:14:21","guid":{"rendered":"https:\/\/linitiative.ca\/International\/pros-empoli-ce-club-qui-prepare-une-offre-de-20me-pour-bennacer\/"},"modified":"2019-04-12T15:14:21","modified_gmt":"2019-04-12T19:14:21","slug":"pros-empoli-ce-club-qui-prepare-une-offre-de-20me-pour-bennacer","status":"publish","type":"post","link":"https:\/\/linitiative.ca\/International\/pros-empoli-ce-club-qui-prepare-une-offre-de-20me-pour-bennacer\/","title":{"rendered":"Pros : Empoli: Ce club qui pr\u00e9pare une offre de 20M\u20ac pour Bennacer"},"content":{"rendered":"<div readability=\"32\">\n<p>Auteur : <span class=\"time\">vendredi 12 avril 2019 19:35<\/span><\/p>\n<\/div>\n<div id=\"post_core\" readability=\"38\">\n<p>Le club de Galatasaray est revenu \u00e0 la charge pour le recrutement d\u2019Isma\u00ebl Bennacer. Selon la presse turque, la direction du club en question serait pr\u00eate \u00e0\u00a0 mettre 20millions d\u2019euros pour s\u2019attacher les services du joueur Alg\u00e9rien d\u2019Empoli. \u00a0Selon la m\u00eame source toujours, c\u2019est l\u2019entra\u00eeneur du Galatasaray, Fatih Terim qui insisterait pour le recrutement de Bennacer.<\/p>\n<p><strong>Publi\u00e9 dans :<\/strong> <span>BENNACER<\/span><\/p>\n<\/div>\n<p>Auteur:<br \/>\n<a href=\"http:\/\/www.lebuteur.com\/article\/detail?titre=empoli-ce-club-qui-prepare-une-offre-de-20m%E2%82%AC-pour-bennacer&#038;id=87940&#038;utm_source=feedburner&#038;utm_medium=feed&#038;utm_campaign=Feed%3A+GalerieFArtciles+%28Les+derniers+articles++-+lebuteur.com%29\">Cliquez ici pour lire l&rsquo;article depuis sa source.<\/a><\/p>\n","protected":false},"excerpt":{"rendered":"<p>Auteur : vendredi 12 avril 2019 19:35 Le club de Galatasaray est revenu \u00e0 la charge pour le recrutement d\u2019Isma\u00ebl Bennacer. Selon la presse turque, la direction du club en question serait pr\u00eate \u00e0\u00a0 mettre 20millions d\u2019euros pour s\u2019attacher les services du joueur Alg\u00e9rien d\u2019Empoli. \u00a0Selon la m\u00eame source toujours, c\u2019est l\u2019entra\u00eeneur du Galatasaray, Fatih [&hellip;]<\/p>\n","protected":false},"author":1738,"featured_media":27428,"comment_status":"closed","ping_status":"closed","sticky":false,"template":"","format":"standard","meta":{"fifu_image_url":"","fifu_image_alt":"","footnotes":""},"categories":[53,75],"tags":[],"class_list":["post-27427","post","type-post","status-publish","format-standard","has-post-thumbnail","hentry","category-algerie","category-sport"],"_links":{"self":[{"href":"https:\/\/linitiative.ca\/International\/wp-json\/wp\/v2\/posts\/27427","targetHints":{"allow":["GET"]}}],"collection":[{"href":"https:\/\/linitiative.ca\/International\/wp-json\/wp\/v2\/posts"}],"about":[{"href":"https:\/\/linitiative.ca\/International\/wp-json\/wp\/v2\/types\/post"}],"author":[{"embeddable":true,"href":"https:\/\/linitiative.ca\/International\/wp-json\/wp\/v2\/users\/1738"}],"replies":[{"embeddable":true,"href":"https:\/\/linitiative.ca\/International\/wp-json\/wp\/v2\/comments?post=27427"}],"version-history":[{"count":0,"href":"https:\/\/linitiative.ca\/International\/wp-json\/wp\/v2\/posts\/27427\/revisions"}],"wp:featuredmedia":[{"embeddable":true,"href":"https:\/\/linitiative.ca\/International\/wp-json\/"}],"wp:attachment":[{"href":"https:\/\/linitiative.ca\/International\/wp-json\/wp\/v2\/media?parent=27427"}],"wp:term":[{"taxonomy":"category","embeddable":true,"href":"https:\/\/linitiative.ca\/International\/wp-json\/wp\/v2\/categories?post=27427"},{"taxonomy":"post_tag","embeddable":true,"href":"https:\/\/linitiative.ca\/International\/wp-json\/wp\/v2\/tags?post=27427"}],"curies":[{"name":"wp","href":"https:\/\/api.w.org\/{rel}","templated":true}]}}