{"id":27429,"date":"2019-04-12T15:14:23","date_gmt":"2019-04-12T19:14:23","guid":{"rendered":"https:\/\/linitiative.ca\/International\/pros-ogc-nice-bonne-nouvelle-pour-atal\/"},"modified":"2019-04-12T15:14:23","modified_gmt":"2019-04-12T19:14:23","slug":"pros-ogc-nice-bonne-nouvelle-pour-atal","status":"publish","type":"post","link":"https:\/\/linitiative.ca\/International\/pros-ogc-nice-bonne-nouvelle-pour-atal\/","title":{"rendered":"Pros : OGC Nice: Bonne nouvelle pour Atal"},"content":{"rendered":"<div readability=\"32\">\n<p>Auteur : <span class=\"time\">vendredi 12 avril 2019 19:35<\/span><\/p>\n<\/div>\n<div id=\"post_core\" readability=\"36\">\n<p>Patrick Vieira r\u00e9cup\u00e8re Youcef Atal pour le d\u00e9placement de Nice \u00e0 Rennes, dimanche (14 heures), rencontre de la 32e journ\u00e9e de Ligue 1. Le lat\u00e9ral Alg\u00e9rien s\u2019est remis de sa l\u00e9sion aux ischio-jambiers.<\/p>\n<p><strong>Publi\u00e9 dans :<\/strong> <span>Atal<\/span><\/p>\n<\/div>\n<p>Auteur:<br \/>\n<a href=\"http:\/\/www.lebuteur.com\/article\/detail?titre=ogc-nice-bonne-nouvelle-pour-atal&#038;id=87939&#038;utm_source=feedburner&#038;utm_medium=feed&#038;utm_campaign=Feed%3A+GalerieFArtciles+%28Les+derniers+articles++-+lebuteur.com%29\">Cliquez ici pour lire l&rsquo;article depuis sa source.<\/a><\/p>\n","protected":false},"excerpt":{"rendered":"<p>Auteur : vendredi 12 avril 2019 19:35 Patrick Vieira r\u00e9cup\u00e8re Youcef Atal pour le d\u00e9placement de Nice \u00e0 Rennes, dimanche (14 heures), rencontre de la 32e journ\u00e9e de Ligue 1. Le lat\u00e9ral Alg\u00e9rien s\u2019est remis de sa l\u00e9sion aux ischio-jambiers. Publi\u00e9 dans : Atal Auteur: Cliquez ici pour lire l&rsquo;article depuis sa source.<\/p>\n","protected":false},"author":1738,"featured_media":27430,"comment_status":"closed","ping_status":"closed","sticky":false,"template":"","format":"standard","meta":{"fifu_image_url":"","fifu_image_alt":"","footnotes":""},"categories":[53,75],"tags":[],"class_list":["post-27429","post","type-post","status-publish","format-standard","has-post-thumbnail","hentry","category-algerie","category-sport"],"_links":{"self":[{"href":"https:\/\/linitiative.ca\/International\/wp-json\/wp\/v2\/posts\/27429","targetHints":{"allow":["GET"]}}],"collection":[{"href":"https:\/\/linitiative.ca\/International\/wp-json\/wp\/v2\/posts"}],"about":[{"href":"https:\/\/linitiative.ca\/International\/wp-json\/wp\/v2\/types\/post"}],"author":[{"embeddable":true,"href":"https:\/\/linitiative.ca\/International\/wp-json\/wp\/v2\/users\/1738"}],"replies":[{"embeddable":true,"href":"https:\/\/linitiative.ca\/International\/wp-json\/wp\/v2\/comments?post=27429"}],"version-history":[{"count":0,"href":"https:\/\/linitiative.ca\/International\/wp-json\/wp\/v2\/posts\/27429\/revisions"}],"wp:featuredmedia":[{"embeddable":true,"href":"https:\/\/linitiative.ca\/International\/wp-json\/"}],"wp:attachment":[{"href":"https:\/\/linitiative.ca\/International\/wp-json\/wp\/v2\/media?parent=27429"}],"wp:term":[{"taxonomy":"category","embeddable":true,"href":"https:\/\/linitiative.ca\/International\/wp-json\/wp\/v2\/categories?post=27429"},{"taxonomy":"post_tag","embeddable":true,"href":"https:\/\/linitiative.ca\/International\/wp-json\/wp\/v2\/tags?post=27429"}],"curies":[{"name":"wp","href":"https:\/\/api.w.org\/{rel}","templated":true}]}}