{"id":27431,"date":"2019-04-12T15:14:25","date_gmt":"2019-04-12T19:14:25","guid":{"rendered":"https:\/\/linitiative.ca\/International\/divers-zetchi-designe-president-par-interim-de-lunaf\/"},"modified":"2019-04-12T15:14:25","modified_gmt":"2019-04-12T19:14:25","slug":"divers-zetchi-designe-president-par-interim-de-lunaf","status":"publish","type":"post","link":"https:\/\/linitiative.ca\/International\/divers-zetchi-designe-president-par-interim-de-lunaf\/","title":{"rendered":"Divers : Zetchi d\u00e9sign\u00e9 pr\u00e9sident par int\u00e9rim de l\u2019UNAF"},"content":{"rendered":"<div readability=\"32\">\n<p>Auteur : <span class=\"time\">vendredi 12 avril 2019 19:43<\/span><\/p>\n<\/div>\n<div id=\"post_core\" readability=\"39\">\n<p>Le pr\u00e9sident de la FAF, Kheireddine Zetchi a \u00e9t\u00e9 d\u00e9sign\u00e9 pr\u00e9sident par int\u00e9rim de l\u2019Union Nord Africaine de Football (UNAF). Zetchi remplace le libyen, Jamal El Jaafari d\u00e9missionnaire apr\u00e8s son \u00e9lection en novembre 2018. Le pr\u00e9sident de la FAF assurera l\u2019int\u00e9rim jusqu\u2019\u00e0 la tenue de la prochaine AG de l\u2019UNAF pr\u00e9vue au mois de juillet prochain<\/p>\n<p><strong>Publi\u00e9 dans :<\/strong> <span>UNAF<\/span> <span>Zetchi<\/span><\/p>\n<\/div>\n<p>Auteur:<br \/>\n<a href=\"http:\/\/www.lebuteur.com\/article\/detail?titre=zetchi-designe-president-par-interim-de-lunaf&#038;id=87941&#038;utm_source=feedburner&#038;utm_medium=feed&#038;utm_campaign=Feed%3A+GalerieFArtciles+%28Les+derniers+articles++-+lebuteur.com%29\">Cliquez ici pour lire l&rsquo;article depuis sa source.<\/a><\/p>\n","protected":false},"excerpt":{"rendered":"<p>Auteur : vendredi 12 avril 2019 19:43 Le pr\u00e9sident de la FAF, Kheireddine Zetchi a \u00e9t\u00e9 d\u00e9sign\u00e9 pr\u00e9sident par int\u00e9rim de l\u2019Union Nord Africaine de Football (UNAF). Zetchi remplace le libyen, Jamal El Jaafari d\u00e9missionnaire apr\u00e8s son \u00e9lection en novembre 2018. Le pr\u00e9sident de la FAF assurera l\u2019int\u00e9rim jusqu\u2019\u00e0 la tenue de la prochaine AG [&hellip;]<\/p>\n","protected":false},"author":1738,"featured_media":27432,"comment_status":"closed","ping_status":"closed","sticky":false,"template":"","format":"standard","meta":{"fifu_image_url":"","fifu_image_alt":"","footnotes":""},"categories":[53,75],"tags":[],"class_list":["post-27431","post","type-post","status-publish","format-standard","has-post-thumbnail","hentry","category-algerie","category-sport"],"_links":{"self":[{"href":"https:\/\/linitiative.ca\/International\/wp-json\/wp\/v2\/posts\/27431","targetHints":{"allow":["GET"]}}],"collection":[{"href":"https:\/\/linitiative.ca\/International\/wp-json\/wp\/v2\/posts"}],"about":[{"href":"https:\/\/linitiative.ca\/International\/wp-json\/wp\/v2\/types\/post"}],"author":[{"embeddable":true,"href":"https:\/\/linitiative.ca\/International\/wp-json\/wp\/v2\/users\/1738"}],"replies":[{"embeddable":true,"href":"https:\/\/linitiative.ca\/International\/wp-json\/wp\/v2\/comments?post=27431"}],"version-history":[{"count":0,"href":"https:\/\/linitiative.ca\/International\/wp-json\/wp\/v2\/posts\/27431\/revisions"}],"wp:featuredmedia":[{"embeddable":true,"href":"https:\/\/linitiative.ca\/International\/wp-json\/"}],"wp:attachment":[{"href":"https:\/\/linitiative.ca\/International\/wp-json\/wp\/v2\/media?parent=27431"}],"wp:term":[{"taxonomy":"category","embeddable":true,"href":"https:\/\/linitiative.ca\/International\/wp-json\/wp\/v2\/categories?post=27431"},{"taxonomy":"post_tag","embeddable":true,"href":"https:\/\/linitiative.ca\/International\/wp-json\/wp\/v2\/tags?post=27431"}],"curies":[{"name":"wp","href":"https:\/\/api.w.org\/{rel}","templated":true}]}}