{"id":27437,"date":"2019-04-12T12:17:02","date_gmt":"2019-04-12T16:17:02","guid":{"rendered":"https:\/\/linitiative.ca\/International\/87993-cyclisme-federation-algerienne-l-agex-fixee-au-18-avril-2019-a-ghermoul\/"},"modified":"2019-04-12T12:17:02","modified_gmt":"2019-04-12T16:17:02","slug":"87993-cyclisme-federation-algerienne-l-agex-fixee-au-18-avril-2019-a-ghermoul","status":"publish","type":"post","link":"https:\/\/linitiative.ca\/International\/87993-cyclisme-federation-algerienne-l-agex-fixee-au-18-avril-2019-a-ghermoul\/","title":{"rendered":"Cyclisme \/ F\u00e9d\u00e9ration alg\u00e9rienne: l&rsquo;AGEx fix\u00e9e au 18 avril 2019, \u00e0 Ghermoul"},"content":{"rendered":"<div>\n<div class=\"K2FeedIntroText\">\n<p>ALGER- La F\u00e9d\u00e9ration alg\u00e9rienne de cyclisme (FAC), sans pr\u00e9sident depuis le 10 novembre 2018 et la d\u00e9mission de Mabrouk Kerboua\u00e2 pour des raisons \u00ab\u00a0personnelles et de sant\u00e9\u00a0\u00bb, a fix\u00e9 la date du 18 avril 2019, pour tenir une assembl\u00e9e g\u00e9n\u00e9rale extraordinaire (AGEx) destin\u00e9e \u00e0 pr\u00e9parer l&rsquo;Assembl\u00e9e \u00e9lective qui permettra d&rsquo;\u00e9lire un nouveau pr\u00e9sident, a-t-on appris aupr\u00e8s de cette instance ce vendredi.<\/p>\n<\/div>\n<div class=\"K2FeedFullText\">\n<p>\u00ab\u00a0L&rsquo;Assembl\u00e9e g\u00e9n\u00e9rale extraordinaire se tiendra le jeudi 18 avril 2019, \u00e0 partir de 10h00, \u00e0 la salle des conf\u00e9rences du complexe sportif Ahmed Ghermoul (Alger)\u00a0\u00bb a indiqu\u00e9 la m\u00eame source.<\/p>\n<p>\u00ab\u00a0L&rsquo;installation des commissions de candidatures et de recours, en vue de l&rsquo;Assembl\u00e9e \u00e9lective, sera le seul point \u00e0 l&rsquo;ordre de jour\u00a0\u00bb a encore pr\u00e9cis\u00e9 l&rsquo;instance f\u00e9d\u00e9rale, actuellement dirig\u00e9e par Abb\u00e8s Fertous, le pr\u00e9sident par int\u00e9rim.<\/p>\n<p>L&rsquo;Assembl\u00e9e g\u00e9n\u00e9rale \u00e9lective de la FAC, initialement pr\u00e9vue la mi-d\u00e9cembre 2018, avait commenc\u00e9 par \u00eatre report\u00e9e une premi\u00e8re fois au 22 du m\u00eame mois, au Centre de regroupement et de pr\u00e9paration des \u00e9lites sportives nationales de Souidania (Alger), avant d&rsquo;\u00eatre renvoy\u00e9e une nouvelle fois \u00e0 une date ult\u00e9rieure.<\/p>\n<p>Le premier report avait \u00e9t\u00e9 d\u00e9cid\u00e9 au terme d&rsquo;une r\u00e9union au si\u00e8ge du minist\u00e8re de la Jeunesse et des Sports (MJS) pour permettre la prolongation de la p\u00e9riode de d\u00e9p\u00f4t des candidatures.<\/p>\n<p>A la fin, deux dossiers avaient \u00e9t\u00e9 retenus, \u00e0 savoir : celui de Khe\u00efreddine Barbari, membre f\u00e9d\u00e9ral et pr\u00e9sident de la Ligue de Biskra, ainsi que celui de Douzi Sma\u00efl, ex-directeur technique national (DTN) \u00e0 la FAC et actuel directeur sportif du GS P\u00e9troliers. Mais tout a finalement \u00e9t\u00e9 annul\u00e9, pour \u00eatre repris \u00e0 z\u00e9ro lors de l&rsquo;AGEx du 18 avril courant.<\/p>\n<p>A l&rsquo;issue de la d\u00e9mission du pr\u00e9sident de la FAC, Mabrouk Kerboua\u00e2, survenue le 10 novembre 2018 pour des raisons \u00ab\u00a0personnelles et de sant\u00e9\u00a0\u00bb, une Assembl\u00e9e g\u00e9n\u00e9rale extraordinaire (AGEx) avait \u00e9t\u00e9 organis\u00e9e le 24 du m\u00eame mois pour installer les commissions de candidatures, de recours et de passation de consignes.<\/p>\n<p>Le vice-pr\u00e9sident de la FAC, Fertous Abb\u00e8s, assure actuellement l&rsquo;int\u00e9rim de l&rsquo;instance f\u00e9d\u00e9rale jusqu&rsquo;au d\u00e9roulement de l&rsquo;AGE.<\/p>\n<p>Mabrouk Kerboua, pr\u00e9sident de la Ligue de Mascara, avait \u00e9t\u00e9 \u00e9lu \u00e0 la t\u00eate de l&rsquo;instance f\u00e9d\u00e9rale le 16 f\u00e9vrier 2017.<\/p>\n<\/div>\n<p><img loading=\"lazy\" decoding=\"async\" src=\"http:\/\/feeds.feedburner.com\/~r\/aps-sport\/~4\/pNDI_E485Qo\" height=\"1\" width=\"1\" alt=\"\"><\/div>\n<p>Auteur:<br \/>\n<a href=\"http:\/\/www.aps.dz\/sport\/87993-cyclisme-federation-algerienne-l-agex-fixee-au-18-avril-2019-a-ghermoul?utm_source=feedburner&#038;utm_medium=feed&#038;utm_campaign=Feed%3A+aps-sport+%28APS+-+SPORT%29\">Cliquez ici pour lire l&rsquo;article depuis sa source.<\/a><\/p>\n","protected":false},"excerpt":{"rendered":"<p>ALGER- La F\u00e9d\u00e9ration alg\u00e9rienne de cyclisme (FAC), sans pr\u00e9sident depuis le 10 novembre 2018 et la d\u00e9mission de Mabrouk Kerboua\u00e2 pour des raisons \u00ab\u00a0personnelles et de sant\u00e9\u00a0\u00bb, a fix\u00e9 la date du 18 avril 2019, pour tenir une assembl\u00e9e g\u00e9n\u00e9rale extraordinaire (AGEx) destin\u00e9e \u00e0 pr\u00e9parer l&rsquo;Assembl\u00e9e \u00e9lective qui permettra d&rsquo;\u00e9lire un nouveau pr\u00e9sident, a-t-on appris [&hellip;]<\/p>\n","protected":false},"author":1790,"featured_media":0,"comment_status":"closed","ping_status":"closed","sticky":false,"template":"","format":"standard","meta":{"fifu_image_url":"","fifu_image_alt":"","footnotes":""},"categories":[53,75],"tags":[],"class_list":["post-27437","post","type-post","status-publish","format-standard","hentry","category-algerie","category-sport"],"_links":{"self":[{"href":"https:\/\/linitiative.ca\/International\/wp-json\/wp\/v2\/posts\/27437","targetHints":{"allow":["GET"]}}],"collection":[{"href":"https:\/\/linitiative.ca\/International\/wp-json\/wp\/v2\/posts"}],"about":[{"href":"https:\/\/linitiative.ca\/International\/wp-json\/wp\/v2\/types\/post"}],"author":[{"embeddable":true,"href":"https:\/\/linitiative.ca\/International\/wp-json\/wp\/v2\/users\/1790"}],"replies":[{"embeddable":true,"href":"https:\/\/linitiative.ca\/International\/wp-json\/wp\/v2\/comments?post=27437"}],"version-history":[{"count":0,"href":"https:\/\/linitiative.ca\/International\/wp-json\/wp\/v2\/posts\/27437\/revisions"}],"wp:attachment":[{"href":"https:\/\/linitiative.ca\/International\/wp-json\/wp\/v2\/media?parent=27437"}],"wp:term":[{"taxonomy":"category","embeddable":true,"href":"https:\/\/linitiative.ca\/International\/wp-json\/wp\/v2\/categories?post=27437"},{"taxonomy":"post_tag","embeddable":true,"href":"https:\/\/linitiative.ca\/International\/wp-json\/wp\/v2\/tags?post=27437"}],"curies":[{"name":"wp","href":"https:\/\/api.w.org\/{rel}","templated":true}]}}