{"id":27440,"date":"2019-04-12T13:41:00","date_gmt":"2019-04-12T17:41:00","guid":{"rendered":"https:\/\/linitiative.ca\/International\/election-presidentielle-le-rnd-dement-la-candidature-dahmed-ouyahia\/"},"modified":"2019-04-12T13:41:00","modified_gmt":"2019-04-12T17:41:00","slug":"election-presidentielle-le-rnd-dement-la-candidature-dahmed-ouyahia","status":"publish","type":"post","link":"https:\/\/linitiative.ca\/International\/election-presidentielle-le-rnd-dement-la-candidature-dahmed-ouyahia\/","title":{"rendered":"ELECTION PRESIDENTIELLE : Le RND d\u00e9ment la candidature d\u2019Ahmed Ouyahia"},"content":{"rendered":"<p><br id=\"sep_para_1\" class=\"sep_para access\"\/><\/p>\n<div id=\"para_1\" class=\"para_30376119 resize\">\n<div class=\"texte access firstletter\">Ahmed Ouyahia ne se pr\u00e9pare pas \u00e0 pr\u00e9senter sa candidature \u00e0 la pr\u00e9sidentielle programm\u00e9e pour le 4 juillet prochain, a indique ce vendredi un communiqu\u00e9 du Rassemblement national d\u00e9mocratique (RND). \u00ab Le RND a \u00e9t\u00e9 surpris par la rumeur v\u00e9hicul\u00e9e par la chaine de t\u00e9l\u00e9vision \u2018El Djazairia One\u2019 all\u00e9guant la pr\u00e9paration d\u2019Ahmed Ouyahia, avec des cadres dirigeants du parti, \u00e0 l\u2019annonce de sa candidature \u00e0 la prochaine pr\u00e9sidentielle \u00bb, ass\u00e8ne la formation politique. Selon le m\u00eame communiqu\u00e9, le RND pr\u00e9cise qu\u2019\u00e0 l\u2019heure actuelle, la direction, les cadres, les \u00e9lus et les militants du parti \u00ab sont pr\u00e9occup\u00e9s par l\u2019\u00e9volution de la situation nationale notamment la sortie de la crise par la satisfaction des aspirations du peuple conform\u00e9ment \u00e0 la Constitution \u00bb. Ce jeudi, El Djazairia One, qui a cit\u00e9 des sources les qualifiant de sures, a r\u00e9v\u00e9l\u00e9 l\u2019intention d\u2019Ahmed Ouyahia de se pr\u00e9senter \u00e0 l\u2019\u00e9lection pr\u00e9sidentielle.\u00a0\u00a0\u00a0<\/div>\n<\/div>\n<p>Auteur: Ismain<br \/>\n<a href=\"https:\/\/www.reflexiondz.net\/ELECTION-PRESIDENTIELLE-Le-RND-dement-la-candidature-d-Ahmed-Ouyahia_a55355.html\">Cliquez ici pour lire l&rsquo;article depuis sa source.<\/a><\/p>\n","protected":false},"excerpt":{"rendered":"<p>Ahmed Ouyahia ne se pr\u00e9pare pas \u00e0 pr\u00e9senter sa candidature \u00e0 la pr\u00e9sidentielle programm\u00e9e pour le 4 juillet prochain, a indique ce vendredi un communiqu\u00e9 du Rassemblement national d\u00e9mocratique (RND). \u00ab Le RND a \u00e9t\u00e9 surpris par la rumeur v\u00e9hicul\u00e9e par la chaine de t\u00e9l\u00e9vision \u2018El Djazairia One\u2019 all\u00e9guant la pr\u00e9paration d\u2019Ahmed Ouyahia, avec des [&hellip;]<\/p>\n","protected":false},"author":1740,"featured_media":0,"comment_status":"closed","ping_status":"closed","sticky":false,"template":"","format":"standard","meta":{"fifu_image_url":"","fifu_image_alt":"","footnotes":""},"categories":[53,76],"tags":[],"class_list":["post-27440","post","type-post","status-publish","format-standard","hentry","category-algerie","category-regions"],"_links":{"self":[{"href":"https:\/\/linitiative.ca\/International\/wp-json\/wp\/v2\/posts\/27440","targetHints":{"allow":["GET"]}}],"collection":[{"href":"https:\/\/linitiative.ca\/International\/wp-json\/wp\/v2\/posts"}],"about":[{"href":"https:\/\/linitiative.ca\/International\/wp-json\/wp\/v2\/types\/post"}],"author":[{"embeddable":true,"href":"https:\/\/linitiative.ca\/International\/wp-json\/wp\/v2\/users\/1740"}],"replies":[{"embeddable":true,"href":"https:\/\/linitiative.ca\/International\/wp-json\/wp\/v2\/comments?post=27440"}],"version-history":[{"count":0,"href":"https:\/\/linitiative.ca\/International\/wp-json\/wp\/v2\/posts\/27440\/revisions"}],"wp:attachment":[{"href":"https:\/\/linitiative.ca\/International\/wp-json\/wp\/v2\/media?parent=27440"}],"wp:term":[{"taxonomy":"category","embeddable":true,"href":"https:\/\/linitiative.ca\/International\/wp-json\/wp\/v2\/categories?post=27440"},{"taxonomy":"post_tag","embeddable":true,"href":"https:\/\/linitiative.ca\/International\/wp-json\/wp\/v2\/tags?post=27440"}],"curies":[{"name":"wp","href":"https:\/\/api.w.org\/{rel}","templated":true}]}}