{"id":27441,"date":"2019-04-12T13:41:00","date_gmt":"2019-04-12T17:41:00","guid":{"rendered":"https:\/\/linitiative.ca\/International\/lutte-contre-le-trafic-de-drogue-un-dealer-ecope-dun-an-de-prison-ferme\/"},"modified":"2019-04-12T13:41:00","modified_gmt":"2019-04-12T17:41:00","slug":"lutte-contre-le-trafic-de-drogue-un-dealer-ecope-dun-an-de-prison-ferme","status":"publish","type":"post","link":"https:\/\/linitiative.ca\/International\/lutte-contre-le-trafic-de-drogue-un-dealer-ecope-dun-an-de-prison-ferme\/","title":{"rendered":"LUTTE CONTRE LE TRAFIC DE DROGUE : Un dealer \u00e9cope d\u2019un an de prison ferme"},"content":{"rendered":"<p><br id=\"sep_para_1\" class=\"sep_para access\"\/><\/p>\n<div id=\"para_1\" class=\"para_30376094 resize\">\n<div class=\"texte access firstletter\">Dans le cadre de la lutte contre le crime dans ses diverses formes notamment le trafic de drogue, les \u00e9l\u00e9ments de la police judiciaire relevant de la brigade de recherche et d\u2019intervention\u00a0 sont parvenus \u00e0 l\u2019arrestation d\u2019une personne, recherch\u00e9e et impliqu\u00e9e dans une affaire de commercialisation de drogue et de psychotropes a t on appris de source s\u00e9curitaire. Cette op\u00e9ration est intervenue suite \u00e0 une ronde\u00a0 men\u00e9e par les m\u00eames services \u00e0 pied au niveau du centre-ville\u00a0 o\u00f9 leur attention fut attir\u00e9e\u00a0 par\u00a0 la\u00a0 pr\u00e9sence d\u2019un suspect, lequel\u00a0 a\u00a0 tent\u00e9\u00a0 de s\u2019infiltrer dans un magasin proche apr\u00e8s avoir remarqu\u00e9 la pr\u00e9sence des policiers sur les lieux , car\u00a0 ce dernier\u00a0\u00a0 a manifest\u00e9\u00a0 une forte r\u00e9sistance lors de son arrestation\u00a0 qui apr\u00e8s une fouille corporelle, il a \u00e9t\u00e9 d\u00e9couvert en sa possession une quantit\u00e9 de\u00a0 drogue de 04 grammes de kif trait\u00e9 en pr\u00e9paration pour la commercialisation . Il s\u2019est av\u00e9r\u00e9 \u00e9galement\u00a0 apr\u00e8s avoir consulter\u00a0 les archives de s\u00e9curit\u00e9 locale, que le suspect faisait l\u2019objet d\u2019une recherche\u00a0 suite \u00e0 un mandat d\u2019arr\u00eat pour\u00a0 une affaire de trafic de drogue\u00a0 et de psychotropes et association d\u2019une bande\u00a0 criminelle organis\u00e9e. Pour le d\u00e9lit de d\u00e9tention de psychotropes et drogues \u00e0 des fins de consommation et\u00a0 commercialisation par le suspect, un dossier judiciaire a \u00e9t\u00e9 \u00e9tabli \u00e0 l\u2019encontre de ce dernier suite auquel, il\u00a0 a \u00e9t\u00e9 pr\u00e9sent\u00e9 devant le procureur de la r\u00e9publique pr\u00e8s le tribunal de Mostaganem, o\u00f9 il a re\u00e7u une peine d\u2019un an de prison ferme assortie d\u2019une amende de 50.000 dinars, a-t-on ajout\u00e9.\u00a0\u00a0\u00a0\u00a0\u00a0\u00a0\u00a0\u00a0\u00a0\u00a0\u00a0\u00a0\u00a0\u00a0\u00a0\u00a0\u00a0\u00a0\u00a0\u00a0\u00a0\u00a0\u00a0\u00a0\u00a0\u00a0\u00a0\u00a0\u00a0<\/div>\n<\/div>\n<p>Auteur: Gana Yacine<br \/>\n<a href=\"https:\/\/www.reflexiondz.net\/LUTTE-CONTRE-LE-TRAFIC-DE-DROGUE-Un-dealer-ecope-d-un-an-de-prison-ferme_a55352.html\">Cliquez ici pour lire l&rsquo;article depuis sa source.<\/a><\/p>\n","protected":false},"excerpt":{"rendered":"<p>Dans le cadre de la lutte contre le crime dans ses diverses formes notamment le trafic de drogue, les \u00e9l\u00e9ments de la police judiciaire relevant de la brigade de recherche et d\u2019intervention\u00a0 sont parvenus \u00e0 l\u2019arrestation d\u2019une personne, recherch\u00e9e et impliqu\u00e9e dans une affaire de commercialisation de drogue et de psychotropes a t on appris [&hellip;]<\/p>\n","protected":false},"author":1740,"featured_media":0,"comment_status":"closed","ping_status":"closed","sticky":false,"template":"","format":"standard","meta":{"fifu_image_url":"","fifu_image_alt":"","footnotes":""},"categories":[53,76],"tags":[],"class_list":["post-27441","post","type-post","status-publish","format-standard","hentry","category-algerie","category-regions"],"_links":{"self":[{"href":"https:\/\/linitiative.ca\/International\/wp-json\/wp\/v2\/posts\/27441","targetHints":{"allow":["GET"]}}],"collection":[{"href":"https:\/\/linitiative.ca\/International\/wp-json\/wp\/v2\/posts"}],"about":[{"href":"https:\/\/linitiative.ca\/International\/wp-json\/wp\/v2\/types\/post"}],"author":[{"embeddable":true,"href":"https:\/\/linitiative.ca\/International\/wp-json\/wp\/v2\/users\/1740"}],"replies":[{"embeddable":true,"href":"https:\/\/linitiative.ca\/International\/wp-json\/wp\/v2\/comments?post=27441"}],"version-history":[{"count":0,"href":"https:\/\/linitiative.ca\/International\/wp-json\/wp\/v2\/posts\/27441\/revisions"}],"wp:attachment":[{"href":"https:\/\/linitiative.ca\/International\/wp-json\/wp\/v2\/media?parent=27441"}],"wp:term":[{"taxonomy":"category","embeddable":true,"href":"https:\/\/linitiative.ca\/International\/wp-json\/wp\/v2\/categories?post=27441"},{"taxonomy":"post_tag","embeddable":true,"href":"https:\/\/linitiative.ca\/International\/wp-json\/wp\/v2\/tags?post=27441"}],"curies":[{"name":"wp","href":"https:\/\/api.w.org\/{rel}","templated":true}]}}