{"id":27459,"date":"2019-04-12T15:30:39","date_gmt":"2019-04-12T19:30:39","guid":{"rendered":"https:\/\/linitiative.ca\/International\/une-marche-spectaculaire-a-oran\/"},"modified":"2019-04-12T15:30:39","modified_gmt":"2019-04-12T19:30:39","slug":"une-marche-spectaculaire-a-oran","status":"publish","type":"post","link":"https:\/\/linitiative.ca\/International\/une-marche-spectaculaire-a-oran\/","title":{"rendered":"Une marche spectaculaire \u00e0 Oran"},"content":{"rendered":"<h4 class=\"title-14\"\/>\n<div class=\"featured_image\"><img width=\"1076\" height=\"605\" data-cfsrc=\"https:\/\/www.elwatan.com\/wp-content\/uploads\/2019\/04\/oran-1.jpg\" class=\"attachment-post-thumbnail size-post-thumbnail wp-post-image c1\" alt=\"\" srcset=\"https:\/\/www.elwatan.com\/wp-content\/uploads\/2019\/04\/oran-1.jpg 1076w, https:\/\/www.elwatan.com\/wp-content\/uploads\/2019\/04\/oran-1-300x169.jpg 300w, https:\/\/www.elwatan.com\/wp-content\/uploads\/2019\/04\/oran-1-768x432.jpg 768w, https:\/\/www.elwatan.com\/wp-content\/uploads\/2019\/04\/oran-1-1024x576.jpg 1024w\" sizes=\"(max-width: 1076px) 100vw, 1076px\"\/><noscript><\/p>\n<p><img loading=\"lazy\" decoding=\"async\" width=\"1076\" height=\"605\" src=\"https:\/\/www.elwatan.com\/wp-content\/uploads\/2019\/04\/oran-1.jpg\" class=\"attachment-post-thumbnail size-post-thumbnail wp-post-image\" alt=\"\" srcset=\"https:\/\/www.elwatan.com\/wp-content\/uploads\/2019\/04\/oran-1.jpg 1076w, https:\/\/www.elwatan.com\/wp-content\/uploads\/2019\/04\/oran-1-300x169.jpg 300w, https:\/\/www.elwatan.com\/wp-content\/uploads\/2019\/04\/oran-1-768x432.jpg 768w, https:\/\/www.elwatan.com\/wp-content\/uploads\/2019\/04\/oran-1-1024x576.jpg 1024w\" sizes=\"auto, (max-width: 1076px) 100vw, 1076px\"\/><\/p>\n<p><\/noscript> <span class=\"featured-image-caption\">Des centaines de milliers d\u2019e manifestants dans les rues d&rsquo;Oran. Photo : Akram E. El Watan.<\/span><\/div>\n<p>La mobilisation \u00e0 Oran, pour ce 8<sup>\u00e8me<\/sup> vendredi de contestation, a drain\u00e9 des centaines de milliers d\u2019oranais dans les rues, brandissant tous des slogans hostiles \u00e0 Abdelkader Bensallah, B\u00e9doui, Bela\u00efz, mais n\u2019\u00e9pargnant pas non plus Ga\u00efd Salah.<\/p>\n<p>\u00abLa doustour la a3sskar echaab houa li y3arar\u00bb \u00e9tait l\u2019un des slogans qu\u2019on a pu entendre \u00e0 maintes reprises tout \u00e0 l\u2019heure. Sur les pacartes que brandissaient les manifestants, nous pouvions lire\u00a0: \u00abJaych ta3na wel g\u00e9n\u00e9ralates ta3koum\u00bb (l\u2019arm\u00e9e est \u00e0 nous, et les g\u00e9n\u00e9raux sont \u00e0 vous\u00a0!\u00bb, \u00abgoulnalkoum rouhou ga3, machi erwahou ga3\u00bb (nldr\u00a0: On vous a dit de d\u00e9gager tous, pas de venir tous\u00a0!), \u00ab\u00abRah el cadre w bkaw el mssamir\u00bb (nldr\u00a0: le cadre est parti, mais les punaises sont encore l\u00e0), \u00abJaych jatchna w Ga\u00efd Salah khatina\u00a0!\u00bb. Un autre manifestant, plus politis\u00e9, avait \u00e9crit, dans une grande pancarte: \u00abUne vraie transition pour la fin du syst\u00e8me est impossible avec la m\u00eame constitution et les m\u00eames partis alibis\u00a0: FLN, RND, TAJ, MPA et Hamas\u00bb. C\u2019est \u00e0 14h que la marche s\u2019est \u00e9branl\u00e9e,pour aller de la place 1<sup>er<\/sup> Novembre\u00a0 jusqu\u2019au rond-point Zabana avant de retourner au point de d\u00e9part en passant par le front de mer.<\/p>\n<p>A mesure que la marche avan\u00e7ait, les retardataires ne cessaient d\u2019affluer, grossissant le rang des manifestants. \u00abPas de confiance, pas de vote avec ce syst\u00e8me jusqu\u2019\u00e0 ce qu\u2019ils d\u00e9gagent tous\u00a0!\u00bb criait un sexag\u00e9naire. Une autre manifestante brandissait quant \u00e0 elle ce joli jeu de mot \u00abLa salah la bensallah, tansalhou gaa\u00bb (Ni Salah ni Bensallah, vous serez tous balay\u00e9), tout en rendant hommage, dans le verso de sa pancarte, aux militaires tu\u00e9s le 11 avril de l\u2019ann\u00e9e derni\u00e8re, lors du crash d\u2019un avion. Au niveau de la rue Larbi Ben M\u2019hidi, un manifestant marchait \u00e0 pas d\u00e9termin\u00e9s, en tenant cette pacanrte\u00a0: \u00abNtouma kbah w hna samtine w samet yarleb lekbih\u00bb (vous \u00eates m\u00e9chants, et nous, nous sommes ent\u00eat\u00e9s, et les ent\u00eat\u00e9s l\u2019emportent sur les m\u00e9chants\u00a0!). A quelques m\u00e8tres de lui se trouvait une femme, qui brandissait\u00a0: \u00abGa\u00efd Salah, \u00e9coute le cri du peuple qui brise ses cha\u00eenes\u00a0!\u00bb.<\/p>\n<p>D\u2019autres encore avaient \u00e9crit\u00a0: \u00abEn avril, les maffieux ne tiennent qu\u2019\u00e0 un fil\u00bb, \u00abNous vendredirons jusqu\u2019\u00e0 d\u00e9boutefliker tout le syst\u00e8me\u00bb ou encore, un jeune manifestant, qui tenait une grande affiche\u00a0dans laquelle il pr\u00e9cisait qu\u2019avec les 1000 milliards de dollars dilapid\u00e9s par la maffia \u00abnous aurions construit 30 millions de logements F3, 20 h\u00f4pitaux, 20 a\u00e9roports internationaux, 10 universit\u00e9s, 8 stades olympiques, 2 autoroutes est-ouest et nord sud, et il serait rest\u00e9 142 milliards de monnaie\u00a0!\u00bb, et d\u2019affirmer, d\u2019un ton p\u00e9remptoire, qu\u2019un jour ou l\u2019autre, cette maffia finira par rendre des compte au peuple.<\/p>\n<div class=\"yuzo_related_post style-1\" data-version=\"5.12.88\">\n<p><h3>Related Post<\/h3>\n<\/p>\n<div class=\"yuzo_wraps\">\n<div class=\"relatedthumb relatedpost-139624 c11\"><a href=\"https:\/\/www.elwatan.com\/a-la-une\/affaire-des-701-kg-de-cocaine-complicites-et-dommages-collateraux-11-07-2018\"\/><\/p>\n<p><span class=\"yuzo__text--title c10\">Affaire des 701 kg de coca\u00efne : Complicit\u00e9s et dom&#8230;<\/span><\/div>\n<div class=\"relatedthumb relatedpost-559000 c11\"><a href=\"https:\/\/www.elwatan.com\/regions\/ouest\/oran\/en-bref-1416-19-02-2019\"\/><\/p>\n<p><span class=\"yuzo__text--title c10\">ES S\u00e9nia : Le cross militaire \u00e0 l\u2019honneur<\/span><\/div>\n<div class=\"relatedthumb relatedpost-559149 c11\"><a href=\"https:\/\/www.elwatan.com\/regions\/ouest\/oran\/jm-2021-le-lac-oum-ghellaz-sera-amenage-pour-les-epreuves-daviron-19-02-2019\"\/><\/p>\n<p><span class=\"yuzo__text--title c10\">JM 2021 : Le lac Oum Ghellaz sera am\u00e9nag\u00e9 pour les&#8230;<\/span><\/div>\n<div class=\"relatedthumb relatedpost-141017 c11\"><a href=\"https:\/\/www.elwatan.com\/edition\/actualite\/les-proximites-douteuses-de-deux-generaux-majors-avec-kamel-chikhi-26-07-2018\"\/><\/p>\n<p><span class=\"yuzo__text--title c10\">Les proximit\u00e9s douteuses de deux g\u00e9n\u00e9raux-majors a&#8230;<\/span><\/div>\n<\/div>\n<\/div>\n<p><span class=\"post-views-label\">Post Views:<\/span> <span class=\"post-views-count\">875<\/span><\/p>\n<p>Auteur: Farouk Djouadi<br \/>\n<a href=\"https:\/\/www.elwatan.com\/edition\/actualite\/une-marche-spectaculaire-a-oran-12-04-2019\">Cliquez ici pour lire l&rsquo;article depuis sa source.<\/a><\/p>\n","protected":false},"excerpt":{"rendered":"<p>Des centaines de milliers d\u2019e manifestants dans les rues d&rsquo;Oran. Photo : Akram E. El Watan. La mobilisation \u00e0 Oran, pour ce 8\u00e8me vendredi de contestation, a drain\u00e9 des centaines de milliers d\u2019oranais dans les rues, brandissant tous des slogans hostiles \u00e0 Abdelkader Bensallah, B\u00e9doui, Bela\u00efz, mais n\u2019\u00e9pargnant pas non plus Ga\u00efd Salah. \u00abLa doustour [&hellip;]<\/p>\n","protected":false},"author":1743,"featured_media":27460,"comment_status":"closed","ping_status":"closed","sticky":false,"template":"","format":"standard","meta":{"fifu_image_url":"","fifu_image_alt":"","footnotes":""},"categories":[73,53],"tags":[],"class_list":["post-27459","post","type-post","status-publish","format-standard","has-post-thumbnail","hentry","category-actualite","category-algerie"],"_links":{"self":[{"href":"https:\/\/linitiative.ca\/International\/wp-json\/wp\/v2\/posts\/27459","targetHints":{"allow":["GET"]}}],"collection":[{"href":"https:\/\/linitiative.ca\/International\/wp-json\/wp\/v2\/posts"}],"about":[{"href":"https:\/\/linitiative.ca\/International\/wp-json\/wp\/v2\/types\/post"}],"author":[{"embeddable":true,"href":"https:\/\/linitiative.ca\/International\/wp-json\/wp\/v2\/users\/1743"}],"replies":[{"embeddable":true,"href":"https:\/\/linitiative.ca\/International\/wp-json\/wp\/v2\/comments?post=27459"}],"version-history":[{"count":0,"href":"https:\/\/linitiative.ca\/International\/wp-json\/wp\/v2\/posts\/27459\/revisions"}],"wp:featuredmedia":[{"embeddable":true,"href":"https:\/\/linitiative.ca\/International\/wp-json\/"}],"wp:attachment":[{"href":"https:\/\/linitiative.ca\/International\/wp-json\/wp\/v2\/media?parent=27459"}],"wp:term":[{"taxonomy":"category","embeddable":true,"href":"https:\/\/linitiative.ca\/International\/wp-json\/wp\/v2\/categories?post=27459"},{"taxonomy":"post_tag","embeddable":true,"href":"https:\/\/linitiative.ca\/International\/wp-json\/wp\/v2\/tags?post=27459"}],"curies":[{"name":"wp","href":"https:\/\/api.w.org\/{rel}","templated":true}]}}