{"id":27461,"date":"2019-04-12T15:55:26","date_gmt":"2019-04-12T19:55:26","guid":{"rendered":"https:\/\/linitiative.ca\/International\/le-kidnappeur-de-deux-filles-arrete-par-la-police-a-bouira\/"},"modified":"2019-04-12T15:55:26","modified_gmt":"2019-04-12T19:55:26","slug":"le-kidnappeur-de-deux-filles-arrete-par-la-police-a-bouira","status":"publish","type":"post","link":"https:\/\/linitiative.ca\/International\/le-kidnappeur-de-deux-filles-arrete-par-la-police-a-bouira\/","title":{"rendered":"Le kidnappeur de deux filles arr\u00eat\u00e9 par la police \u00e0 Bouira"},"content":{"rendered":"<h4 class=\"title-14\"\/>\n<div class=\"featured_image\"><img width=\"640\" height=\"440\" data-cfsrc=\"https:\/\/www.elwatan.com\/wp-content\/uploads\/2019\/04\/bouira.jpg\" class=\"attachment-post-thumbnail size-post-thumbnail wp-post-image c1\" alt=\"\" srcset=\"https:\/\/www.elwatan.com\/wp-content\/uploads\/2019\/04\/bouira.jpg 640w, https:\/\/www.elwatan.com\/wp-content\/uploads\/2019\/04\/bouira-300x206.jpg 300w\" sizes=\"(max-width: 640px) 100vw, 640px\"\/><noscript><\/p>\n<p><img loading=\"lazy\" decoding=\"async\" width=\"640\" height=\"440\" src=\"https:\/\/www.elwatan.com\/wp-content\/uploads\/2019\/04\/bouira.jpg\" class=\"attachment-post-thumbnail size-post-thumbnail wp-post-image\" alt=\"\" srcset=\"https:\/\/www.elwatan.com\/wp-content\/uploads\/2019\/04\/bouira.jpg 640w, https:\/\/www.elwatan.com\/wp-content\/uploads\/2019\/04\/bouira-300x206.jpg 300w\" sizes=\"auto, (max-width: 640px) 100vw, 640px\"\/><\/p>\n<p><\/noscript> <span class=\"featured-image-caption\">La BRI arr\u00eate le pr\u00e9sum\u00e9 auteur d&rsquo;un kidnapping \u00e0 Bouira. Photo Amar F. El Watan<\/span><\/div>\n<p>C\u2019est une sc\u00e8ne digne d\u2019un film hollywoodien qui s\u2019est d\u00e9roul\u00e9e, en d\u00e9but de soir\u00e9e de ce vendredi, \u00e0 Bouira.<\/p>\n<p>Des \u00e9l\u00e9ments de la brigade de recherche et d\u2019investigation BRI, \u00e9paules par des unit\u00e9s de police ont braqu\u00e9 un homme qui a enlev\u00e9 deux filles.<\/p>\n<p>La police a tir\u00e9 sur le pr\u00e9sum\u00e9 auteur du kidnapping qui a r\u00e9ussi \u00e0 s\u2019\u00e9chapper \u00e0 bord de sa voiture, avant qu\u2019il ne soit stopp\u00e9 par d\u2019autres v\u00e9hicules mobilis\u00e9s des services de s\u00e9curit\u00e9,\u00a0 a-t-on constat\u00e9 sur place.<\/p>\n<div class=\"yuzo_related_post style-1\" data-version=\"5.12.88\">\n<p><h3>Related Post<\/h3>\n<\/p>\n<div class=\"yuzo_wraps\">\n<div class=\"relatedthumb relatedpost-145035 c11\"><a href=\"https:\/\/www.elwatan.com\/regions\/kabylie\/bouira\/lakhdaria-bouira-penurie-deau-au-chef-lieu-23-08-2018\"\/><\/p>\n<p><span class=\"yuzo__text--title c10\">Lakhdaria (Bouira) : P\u00e9nurie d\u2019eau au chef-lieu<\/span><\/div>\n<div class=\"relatedthumb relatedpost-562527 c11\"><a href=\"https:\/\/www.elwatan.com\/edition\/actualite\/bouira-enseignantes-et-eleves-protestent-contre-le-5e-mandat-07-03-2019\"\/><\/p>\n<p><span class=\"yuzo__text--title c10\">Bouira\u00a0: Enseignantes et \u00e9l\u00e8ves protestent contre &#8230;<\/span><\/div>\n<div class=\"relatedthumb relatedpost-153891 c11\"><a href=\"https:\/\/www.elwatan.com\/regions\/kabylie\/bouira\/lakhdaria-bouira-ecoles-degradees-06-10-2018\"\/><\/p>\n<p><span class=\"yuzo__text--title c10\">Lakhdaria (Bouira) : Ecoles d\u00e9grad\u00e9es<\/span><\/div>\n<div class=\"relatedthumb relatedpost-143250 c11\"><a href=\"https:\/\/www.elwatan.com\/edition\/actualite\/sans-nouvelles-de-la-petite-ikram-depuis-13-jours-11-08-2018\"\/><\/p>\n<p><span class=\"yuzo__text--title c10\">Sans nouvelles de la petite Ikram depuis 13 jours &#8230;<\/span><\/div>\n<\/div>\n<\/div>\n<p><span class=\"post-views-label\">Post Views:<\/span> <span class=\"post-views-count\">1\u00a0065<\/span><\/p>\n<p>Auteur: Farouk Djouadi<br \/>\n<a href=\"https:\/\/www.elwatan.com\/edition\/actualite\/le-kidnappeur-de-deux-filles-arrete-par-la-police-a-bouira-12-04-2019\">Cliquez ici pour lire l&rsquo;article depuis sa source.<\/a><\/p>\n","protected":false},"excerpt":{"rendered":"<p>La BRI arr\u00eate le pr\u00e9sum\u00e9 auteur d&rsquo;un kidnapping \u00e0 Bouira. Photo Amar F. El Watan C\u2019est une sc\u00e8ne digne d\u2019un film hollywoodien qui s\u2019est d\u00e9roul\u00e9e, en d\u00e9but de soir\u00e9e de ce vendredi, \u00e0 Bouira. Des \u00e9l\u00e9ments de la brigade de recherche et d\u2019investigation BRI, \u00e9paules par des unit\u00e9s de police ont braqu\u00e9 un homme qui [&hellip;]<\/p>\n","protected":false},"author":1743,"featured_media":27462,"comment_status":"closed","ping_status":"closed","sticky":false,"template":"","format":"standard","meta":{"fifu_image_url":"","fifu_image_alt":"","footnotes":""},"categories":[73,53],"tags":[],"class_list":["post-27461","post","type-post","status-publish","format-standard","has-post-thumbnail","hentry","category-actualite","category-algerie"],"_links":{"self":[{"href":"https:\/\/linitiative.ca\/International\/wp-json\/wp\/v2\/posts\/27461","targetHints":{"allow":["GET"]}}],"collection":[{"href":"https:\/\/linitiative.ca\/International\/wp-json\/wp\/v2\/posts"}],"about":[{"href":"https:\/\/linitiative.ca\/International\/wp-json\/wp\/v2\/types\/post"}],"author":[{"embeddable":true,"href":"https:\/\/linitiative.ca\/International\/wp-json\/wp\/v2\/users\/1743"}],"replies":[{"embeddable":true,"href":"https:\/\/linitiative.ca\/International\/wp-json\/wp\/v2\/comments?post=27461"}],"version-history":[{"count":0,"href":"https:\/\/linitiative.ca\/International\/wp-json\/wp\/v2\/posts\/27461\/revisions"}],"wp:featuredmedia":[{"embeddable":true,"href":"https:\/\/linitiative.ca\/International\/wp-json\/"}],"wp:attachment":[{"href":"https:\/\/linitiative.ca\/International\/wp-json\/wp\/v2\/media?parent=27461"}],"wp:term":[{"taxonomy":"category","embeddable":true,"href":"https:\/\/linitiative.ca\/International\/wp-json\/wp\/v2\/categories?post=27461"},{"taxonomy":"post_tag","embeddable":true,"href":"https:\/\/linitiative.ca\/International\/wp-json\/wp\/v2\/tags?post=27461"}],"curies":[{"name":"wp","href":"https:\/\/api.w.org\/{rel}","templated":true}]}}