{"id":27463,"date":"2019-04-12T16:33:09","date_gmt":"2019-04-12T20:33:09","guid":{"rendered":"https:\/\/linitiative.ca\/International\/des-milliers-de-personnes-battent-le-pave-a-ghardaia\/"},"modified":"2019-04-12T16:33:09","modified_gmt":"2019-04-12T20:33:09","slug":"des-milliers-de-personnes-battent-le-pave-a-ghardaia","status":"publish","type":"post","link":"https:\/\/linitiative.ca\/International\/des-milliers-de-personnes-battent-le-pave-a-ghardaia\/","title":{"rendered":"Des milliers de personnes battent le pav\u00e9  \u00e0 Gharda\u00efa"},"content":{"rendered":"<h4 class=\"title-14\"\/>\n<div class=\"featured_image\"><img width=\"688\" height=\"295\" data-cfsrc=\"https:\/\/www.elwatan.com\/wp-content\/uploads\/2019\/04\/Ghardaia-capture.jpg\" class=\"attachment-post-thumbnail size-post-thumbnail wp-post-image c1\" alt=\"\" srcset=\"https:\/\/www.elwatan.com\/wp-content\/uploads\/2019\/04\/Ghardaia-capture.jpg 688w, https:\/\/www.elwatan.com\/wp-content\/uploads\/2019\/04\/Ghardaia-capture-300x129.jpg 300w\" sizes=\"(max-width: 688px) 100vw, 688px\"\/><noscript><\/p>\n<p><img loading=\"lazy\" decoding=\"async\" width=\"688\" height=\"295\" src=\"https:\/\/www.elwatan.com\/wp-content\/uploads\/2019\/04\/Ghardaia-capture.jpg\" class=\"attachment-post-thumbnail size-post-thumbnail wp-post-image\" alt=\"\" srcset=\"https:\/\/www.elwatan.com\/wp-content\/uploads\/2019\/04\/Ghardaia-capture.jpg 688w, https:\/\/www.elwatan.com\/wp-content\/uploads\/2019\/04\/Ghardaia-capture-300x129.jpg 300w\" sizes=\"auto, (max-width: 688px) 100vw, 688px\"\/><\/p>\n<p><\/noscript> <span class=\"featured-image-caption\">Gharda\u00efa, 8e vendredi. Photo Djamel K.<\/span><\/div>\n<p>\u00ab\u00a0Ils sont chaque vendredi, plus nombreux que celui d\u2019avant\u00a0\u00a0\u00bb, me fait remarquer un confr\u00e8re. En Effet, accompagn\u00e9s de leurs enfants, et pour certains de toute leur famille, la plupart drap\u00e9s de l\u2019embl\u00e8me national et brandissant, qui des pancartes qui des bouts de cartons sur lesquels \u00e9taient exprim\u00e9s, en gros caract\u00e8res tant en arabe qu\u2019en fran\u00e7ais, leur rejet de tout ce qui symbolise le syst\u00e8me, des milliers de Ghardaouis sont encore sortis ce vendredi pour rappeler aux figures du syst\u00e8me qu\u2019il faut que \u00ab\u00a0vous partiez ga3, car ga3, c\u2019est ga3 \u00bb.<\/p>\n<p>Et comme d\u2019habitude, la procession principale s\u2019est \u00e9branl\u00e9e juste apr\u00e8s la grande pri\u00e8re de vendredi, \u00e0 partir de l\u2019agora de la poste de Sidi Abbaz. Sur son chemin, \u00e0 deux kilom\u00e8tres de l\u00e0, sur les abords du k\u2019sar de B\u00e9ni Izgu\u00e8ne, du c\u00f4t\u00e9 d\u2019El Harrame\u00efne, elle est rejointe par plus de deux cents jeunes qui se sont joint \u00e0 elle. Grossissant \u00e0 vue d\u2019\u0153il \u00e0 chaque \u00e9tape, tant elle est rejointe de toutes parts par des jeunes qui accouraient, embl\u00e8mes et pancartes soulev\u00e9s bien haut. C\u2019est au carrefour de Merrakchi, qui fait jonction avec le K\u2019sar de M\u00e9lika et du quartier populaire de Theniet El Makhzen qu\u2019est venue se greffer \u00e0 la procession le \u00a0plus gros rassemblement de jeunes et moins de jeunes, ce qui a donn\u00e9 \u00e0 la marche une autre dimension tant elle paraissait immense, s\u2019\u00e9tirant sur plusieurs dizaines de m\u00e8tres.<\/p>\n<p>C\u2019est alors que l\u2019immense foule a repris sa marche en s\u2019engouffrant dans la plus longue avenue de Gharda\u00efa, celle du 1er\u00a0Novembre avant de longer le boulevard Emir Abdelkader, puis bifurquer sur l\u2019avenue Talbi Ahmed et aller finir la marche par un immense sit in sur l\u2019esplanade du 1er\u00a0Mai , o\u00f9 ils ont cri\u00e9 tous les slogans contre le pouvoir et r\u00e9it\u00e9rer leur soutien \u00e0 Ga\u00efd Salah et travers lui \u00e0 l\u2019ANP\u00a0. Chantant, dansant et criant \u00a0joyeusement pendant plus de 45 minutes, ils sont repartis comme ils sont venus, c\u2019est \u00e0 dire dans la joie et le calme, si bien qu\u2019aucun incident n\u2019est \u00e0 signaler.<\/p>\n<p>Il faut, et encore une fois, saluer l\u2019exemplaire comportement des services de s\u00e9curit\u00e9 qui ont admirablement accompagn\u00e9s et encadr\u00e9 cette immense foule. M\u00eame l\u2019h\u00e9licopt\u00e8re de la police, reconnaissable \u00e0 ses couleurs bleues et blanches \u00e9tait de sortie, et certaines fois il descendait si bas au-dessus des t\u00eates des marcheurs qu\u2019il semblait vouloir participer \u00e0 la liesse populaire. Pendant la longue marche de plusieurs kilom\u00e8tres, les citoyens ont encore une fois d\u00e9montr\u00e9, et par trois fois, \u00a0leur sens de civisme et patriotisme. La premi\u00e8re devant le si\u00e8ge du secteur militaire de Gharda\u00efa, o\u00f9 ils se sont arr\u00eat\u00e9s et r\u00e9p\u00e9t\u00e9s plusieurs fois \u00ab\u00a0Dje\u00efch, Ch\u00e2ab, Khaoua, Khaoua\u00a0\u00bb, puis entonn\u00e9 l\u2019hymne national Kassaman.\u00a0 La seconde fois, c\u2019est le silence subit auquel tout le monde s\u2019est astreint en arrivant devant l\u2019h\u00f4pital Gueddi Bakir, la troisi\u00e8me c\u2019est lorsque retentit l\u2019adhan d\u2019El A\u00e2sr, re silence complet jusqu\u2019\u00e0 la fin de l\u2019appel du muezzin. Belle le\u00e7on de civisme et de respect \u00ab\u00a0inflig\u00e9\u00a0\u00bb \u00e0 la face de tous ceux qui voulaient faire passer nos jeunes pour inciviques.<\/p>\n<div class=\"yuzo_related_post style-1\" data-version=\"5.12.88\">\n<p><h3>Related Post<\/h3>\n<\/p>\n<div class=\"yuzo_wraps\">\n<div class=\"relatedthumb relatedpost-569327 c11\"><a href=\"https:\/\/www.elwatan.com\/edition\/actualite\/tlemcen-gaid-salah-ecoutez-le-peuple-qui-a-casse-ses-chaines-12-04-2019\"\/><\/p>\n<p><span class=\"yuzo__text--title c10\">Tlemcen : \u00ab Ga\u00efd Salah, \u00e9coutez le peuple qui a ca&#8230;<\/span><\/div>\n<div class=\"relatedthumb relatedpost-560014 c11\"><a href=\"https:\/\/www.elwatan.com\/edition\/actualite\/fln-mouad-bouchareb-sous-le-choc-23-02-2019\"\/><\/p>\n<p><span class=\"yuzo__text--title c10\">FLN : Mouad Bouchareb sous le choc<\/span><\/div>\n<div class=\"relatedthumb relatedpost-567965 c11\"><a href=\"https:\/\/www.elwatan.com\/edition\/actualite\/des-centaines-de-milliers-de-manifestants-a-alger-nous-ne-vous-permettrons-pas-de-violer-notre-revolution-pacifique-05-04-2019\"\/><\/p>\n<p><span class=\"yuzo__text--title c10\">Des centaines de milliers de manifestants \u00e0 Alger &#8230;<\/span><\/div>\n<div class=\"relatedthumb relatedpost-566650 c11\"><a href=\"https:\/\/www.elwatan.com\/edition\/actualite\/la-mobilisation-ne-faiblit-pas-a-ghardaia-bien-au-contraire-29-03-2019\"\/><\/p>\n<p><span class=\"yuzo__text--title c10\">La mobilisation ne faiblit pas \u00e0 Gharda\u00efa, bien au&#8230;<\/span><\/div>\n<\/div>\n<\/div>\n<p><span class=\"post-views-label\">Post Views:<\/span> <span class=\"post-views-count\">1<\/span><\/p>\n<p>Auteur: Farouk Djouadi<br \/>\n<a href=\"https:\/\/www.elwatan.com\/edition\/actualite\/des-milliers-de-personnes-battent-le-pave-a-ghardaia-12-04-2019\">Cliquez ici pour lire l&rsquo;article depuis sa source.<\/a><\/p>\n","protected":false},"excerpt":{"rendered":"<p>Gharda\u00efa, 8e vendredi. Photo Djamel K. \u00ab\u00a0Ils sont chaque vendredi, plus nombreux que celui d\u2019avant\u00a0\u00a0\u00bb, me fait remarquer un confr\u00e8re. En Effet, accompagn\u00e9s de leurs enfants, et pour certains de toute leur famille, la plupart drap\u00e9s de l\u2019embl\u00e8me national et brandissant, qui des pancartes qui des bouts de cartons sur lesquels \u00e9taient exprim\u00e9s, en gros [&hellip;]<\/p>\n","protected":false},"author":1743,"featured_media":27464,"comment_status":"closed","ping_status":"closed","sticky":false,"template":"","format":"standard","meta":{"fifu_image_url":"","fifu_image_alt":"","footnotes":""},"categories":[73,53],"tags":[],"class_list":["post-27463","post","type-post","status-publish","format-standard","has-post-thumbnail","hentry","category-actualite","category-algerie"],"_links":{"self":[{"href":"https:\/\/linitiative.ca\/International\/wp-json\/wp\/v2\/posts\/27463","targetHints":{"allow":["GET"]}}],"collection":[{"href":"https:\/\/linitiative.ca\/International\/wp-json\/wp\/v2\/posts"}],"about":[{"href":"https:\/\/linitiative.ca\/International\/wp-json\/wp\/v2\/types\/post"}],"author":[{"embeddable":true,"href":"https:\/\/linitiative.ca\/International\/wp-json\/wp\/v2\/users\/1743"}],"replies":[{"embeddable":true,"href":"https:\/\/linitiative.ca\/International\/wp-json\/wp\/v2\/comments?post=27463"}],"version-history":[{"count":0,"href":"https:\/\/linitiative.ca\/International\/wp-json\/wp\/v2\/posts\/27463\/revisions"}],"wp:featuredmedia":[{"embeddable":true,"href":"https:\/\/linitiative.ca\/International\/wp-json\/"}],"wp:attachment":[{"href":"https:\/\/linitiative.ca\/International\/wp-json\/wp\/v2\/media?parent=27463"}],"wp:term":[{"taxonomy":"category","embeddable":true,"href":"https:\/\/linitiative.ca\/International\/wp-json\/wp\/v2\/categories?post=27463"},{"taxonomy":"post_tag","embeddable":true,"href":"https:\/\/linitiative.ca\/International\/wp-json\/wp\/v2\/tags?post=27463"}],"curies":[{"name":"wp","href":"https:\/\/api.w.org\/{rel}","templated":true}]}}