{"id":27480,"date":"2019-04-12T16:36:36","date_gmt":"2019-04-12T20:36:36","guid":{"rendered":"https:\/\/linitiative.ca\/International\/can-2019-le-groupe-du-maroc-connu\/"},"modified":"2019-04-12T16:36:36","modified_gmt":"2019-04-12T20:36:36","slug":"can-2019-le-groupe-du-maroc-connu","status":"publish","type":"post","link":"https:\/\/linitiative.ca\/International\/can-2019-le-groupe-du-maroc-connu\/","title":{"rendered":"CAN 2019 : le groupe du Maroc connu"},"content":{"rendered":"<p>Le <strong>Maroc<\/strong> \u00e9voluera dans le groupe D, aux c\u00f4t\u00e9s de la C\u00f4te d\u2019Ivoire, l\u2019Afrique du Sud et de la Namibie lors de la Coupe d\u2019Afrique des Nations de Football (CAN \u00c9gypte 2019), et ce \u00e0 l\u2019issue du tirage au sort effectu\u00e9 vendredi soir au Caire.<\/p>\n<div class=\"c10\"\/>\n<p>La <strong>CAN 2019<\/strong> est pr\u00e9vue du 21 juin au 19 juillet avec la participation de 24 s\u00e9lections.<\/p>\n<div class=\"c17\">\n<fieldset class=\"c16\">\n<legend><strong><span class=\"c11\">Challenge<\/span><span class=\"c12\">news<\/span><\/strong><\/legend>\n<div class=\"c15\">Le meilleur de la r\u00e9daction s\u00e9lectionn\u00e9 par Challenge :<\/p>\n<\/div>\n<\/fieldset>\n<\/div>\n<p>Auteur: Karim Handaoui<br \/>\n<a href=\"https:\/\/www.challenge.ma\/can-2019-le-groupe-du-maroc-connu-107633\/\">Cliquez ici pour lire l&rsquo;article depuis sa source.<\/a><\/p>\n","protected":false},"excerpt":{"rendered":"<p>Le Maroc \u00e9voluera dans le groupe D, aux c\u00f4t\u00e9s de la C\u00f4te d\u2019Ivoire, l\u2019Afrique du Sud et de la Namibie lors de la Coupe d\u2019Afrique des Nations de Football (CAN \u00c9gypte 2019), et ce \u00e0 l\u2019issue du tirage au sort effectu\u00e9 vendredi soir au Caire. La CAN 2019 est pr\u00e9vue du 21 juin au 19 [&hellip;]<\/p>\n","protected":false},"author":1787,"featured_media":0,"comment_status":"closed","ping_status":"closed","sticky":false,"template":"","format":"standard","meta":{"fifu_image_url":"","fifu_image_alt":"","footnotes":""},"categories":[78,54],"tags":[],"class_list":["post-27480","post","type-post","status-publish","format-standard","hentry","category-economie","category-maroc"],"_links":{"self":[{"href":"https:\/\/linitiative.ca\/International\/wp-json\/wp\/v2\/posts\/27480","targetHints":{"allow":["GET"]}}],"collection":[{"href":"https:\/\/linitiative.ca\/International\/wp-json\/wp\/v2\/posts"}],"about":[{"href":"https:\/\/linitiative.ca\/International\/wp-json\/wp\/v2\/types\/post"}],"author":[{"embeddable":true,"href":"https:\/\/linitiative.ca\/International\/wp-json\/wp\/v2\/users\/1787"}],"replies":[{"embeddable":true,"href":"https:\/\/linitiative.ca\/International\/wp-json\/wp\/v2\/comments?post=27480"}],"version-history":[{"count":0,"href":"https:\/\/linitiative.ca\/International\/wp-json\/wp\/v2\/posts\/27480\/revisions"}],"wp:attachment":[{"href":"https:\/\/linitiative.ca\/International\/wp-json\/wp\/v2\/media?parent=27480"}],"wp:term":[{"taxonomy":"category","embeddable":true,"href":"https:\/\/linitiative.ca\/International\/wp-json\/wp\/v2\/categories?post=27480"},{"taxonomy":"post_tag","embeddable":true,"href":"https:\/\/linitiative.ca\/International\/wp-json\/wp\/v2\/tags?post=27480"}],"curies":[{"name":"wp","href":"https:\/\/api.w.org\/{rel}","templated":true}]}}