{"id":27495,"date":"2019-04-12T16:56:44","date_gmt":"2019-04-12T20:56:44","guid":{"rendered":"https:\/\/linitiative.ca\/International\/tunisie-linstitution-de-prise-en-charge-des-personnes-agees-de-grombalia-impliquee-dans-une-affaire-de-mort-subite-dun-de-ses-pensionnaires\/"},"modified":"2019-04-12T16:56:44","modified_gmt":"2019-04-12T20:56:44","slug":"tunisie-linstitution-de-prise-en-charge-des-personnes-agees-de-grombalia-impliquee-dans-une-affaire-de-mort-subite-dun-de-ses-pensionnaires","status":"publish","type":"post","link":"https:\/\/linitiative.ca\/International\/tunisie-linstitution-de-prise-en-charge-des-personnes-agees-de-grombalia-impliquee-dans-une-affaire-de-mort-subite-dun-de-ses-pensionnaires\/","title":{"rendered":"Tunisie \u2013 L\u2019institution de prise en charge des personnes \u00e2g\u00e9es de Grombalia impliqu\u00e9e dans une affaire de mort subite d\u2019un de ses pensionnaires"},"content":{"rendered":"<div class=\"post-cont-in left relative\">\n<div class=\"nc_socialPanel swp_flatFresh swp_d_fullColor swp_i_fullColor swp_o_fullColor scale-100 scale-fullWidth\" data-position=\"none\" data-float=\"floatNone\" data-count=\"5\" data-floatcolor=\"#ffffff\" data-emphasize=\"0\">\n<div class=\"nc_tweetContainer totes totesalt\" data-id=\"6\"><span class=\"swp_count\"><span class=\"swp_label\">Partages<\/span> 3<\/span><\/div>\n<\/div>\n<p>Le porte parole du tribunal de premi\u00e8re instance de Grombalia a d\u00e9clar\u00e9 qu\u2019une instruction en justice a \u00e9t\u00e9 lanc\u00e9e \u00e0 l\u2019encontre de trois personnels \u00a0exer\u00e7ant dans la maison des personnes \u00e2g\u00e9es de Grombalia et d\u2019un journaliste, pour \u00e9change de violence.<\/p>\n<p>Il a ajout\u00e9 qu\u2019une autre enqu\u00eate a \u00e9t\u00e9 diligent\u00e9e pour s\u2019assurer des plaintes des pensionnaires de l\u2019institution en rapport avec des maltraitances de la part du personnel.<\/p>\n<div class=\"code-block code-block-1 c3\"><ins class=\"adsbygoogle c2\" data-ad-layout=\"in-article\" data-ad-format=\"fluid\" data-ad-client=\"ca-pub-2102118777505746\" data-ad-slot=\"7301775417\"\/> <\/div>\n<p>Le porte parole a ajout\u00e9 que cette institution fait l\u2019objet d\u2019une enqu\u00eate judiciaire depuis plus d\u2019une ann\u00e9e, suite \u00e0 la mort jug\u00e9e suspecte d\u2019un des pensionnaires, qui aurait \u00e9t\u00e9 victime de violence et de maltraitance de la part du personnel.<\/p>\n<div class=\"mvp-org-wrap mvp-org-logo\" itemprop=\"publisher\" itemscope=\"\" itemtype=\"https:\/\/schema.org\/Organization\"><img decoding=\"async\" src=\"https:\/\/www.tunisienumerique.com\/wp-content\/uploads\/2017\/02\/logo_tunisie_numerique.png\"\/><\/div>\n<div class=\"nc_socialPanel swp_flatFresh swp_d_fullColor swp_i_fullColor swp_o_fullColor scale-100 scale-fullWidth\" data-position=\"none\" data-float=\"floatNone\" data-count=\"5\" data-floatcolor=\"#ffffff\" data-emphasize=\"0\">\n<div class=\"nc_tweetContainer totes totesalt\" data-id=\"6\"><span class=\"swp_count\"><span class=\"swp_label\">Partages<\/span> 3<\/span><\/div>\n<\/div>\n<div class=\"mvp-related-posts left relative\">\n<h4 class=\"post-header\"><span class=\"post-header\">Lire aussi<\/span><\/h4>\n<\/div>\n<\/div>\n<p>Auteur: LM<br \/>\n<a href=\"https:\/\/www.tunisienumerique.com\/tunisie-linstitution-de-prise-en-charge-des-personnes-agees-de-grombalia-impliquee-dans-une-affaire-de-mort-subite-dun-de-ses-pensionnaires\/\">Cliquez ici pour lire l&rsquo;article depuis sa source.<\/a><\/p>\n","protected":false},"excerpt":{"rendered":"<p>Partages 3 Le porte parole du tribunal de premi\u00e8re instance de Grombalia a d\u00e9clar\u00e9 qu\u2019une instruction en justice a \u00e9t\u00e9 lanc\u00e9e \u00e0 l\u2019encontre de trois personnels \u00a0exer\u00e7ant dans la maison des personnes \u00e2g\u00e9es de Grombalia et d\u2019un journaliste, pour \u00e9change de violence. Il a ajout\u00e9 qu\u2019une autre enqu\u00eate a \u00e9t\u00e9 diligent\u00e9e pour s\u2019assurer des plaintes [&hellip;]<\/p>\n","protected":false},"author":1789,"featured_media":27496,"comment_status":"closed","ping_status":"closed","sticky":false,"template":"","format":"standard","meta":{"fifu_image_url":"","fifu_image_alt":"","footnotes":""},"categories":[73,55],"tags":[],"class_list":["post-27495","post","type-post","status-publish","format-standard","has-post-thumbnail","hentry","category-actualite","category-tunisie"],"_links":{"self":[{"href":"https:\/\/linitiative.ca\/International\/wp-json\/wp\/v2\/posts\/27495","targetHints":{"allow":["GET"]}}],"collection":[{"href":"https:\/\/linitiative.ca\/International\/wp-json\/wp\/v2\/posts"}],"about":[{"href":"https:\/\/linitiative.ca\/International\/wp-json\/wp\/v2\/types\/post"}],"author":[{"embeddable":true,"href":"https:\/\/linitiative.ca\/International\/wp-json\/wp\/v2\/users\/1789"}],"replies":[{"embeddable":true,"href":"https:\/\/linitiative.ca\/International\/wp-json\/wp\/v2\/comments?post=27495"}],"version-history":[{"count":0,"href":"https:\/\/linitiative.ca\/International\/wp-json\/wp\/v2\/posts\/27495\/revisions"}],"wp:featuredmedia":[{"embeddable":true,"href":"https:\/\/linitiative.ca\/International\/wp-json\/"}],"wp:attachment":[{"href":"https:\/\/linitiative.ca\/International\/wp-json\/wp\/v2\/media?parent=27495"}],"wp:term":[{"taxonomy":"category","embeddable":true,"href":"https:\/\/linitiative.ca\/International\/wp-json\/wp\/v2\/categories?post=27495"},{"taxonomy":"post_tag","embeddable":true,"href":"https:\/\/linitiative.ca\/International\/wp-json\/wp\/v2\/tags?post=27495"}],"curies":[{"name":"wp","href":"https:\/\/api.w.org\/{rel}","templated":true}]}}