{"id":27501,"date":"2019-04-12T11:37:15","date_gmt":"2019-04-12T15:37:15","guid":{"rendered":"https:\/\/linitiative.ca\/International\/la-nouvelle-du-vendredi-citoyens-du-monde\/"},"modified":"2019-04-12T11:37:15","modified_gmt":"2019-04-12T15:37:15","slug":"la-nouvelle-du-vendredi-citoyens-du-monde","status":"publish","type":"post","link":"https:\/\/linitiative.ca\/International\/la-nouvelle-du-vendredi-citoyens-du-monde\/","title":{"rendered":"LA NOUVELLE DU VENDREDI\u00a0 : Citoyens du monde"},"content":{"rendered":"<p><img decoding=\"async\" class=\"post_layout_5_img\" src=\"http:\/\/lepays.bf\/wp-content\/uploads\/2017\/07\/lepaysresponsive.png\" alt=\"LA NOUVELLE DU VENDREDI\u00a0 : Citoyens du monde\"\/><\/p>\n<p class=\"c4\"><em>Lorsque dans la ville du cavalier rouge, j\u2019allai visiter une sorte de boutique galerie avec des amis, je n\u2019attendais qu\u2019une chose\u00a0: admirer l\u2019art dans toute sa beaut\u00e9 \u00e0 travers de beaux tableaux.<\/em><\/p>\n<p class=\"c4\"><em>La dame qui nous accueillit, semblait sortir d\u2019un conte des mille et une nuit. Ce n\u2019\u00e9tait point la couleur blanche de sa peau qui me donnait cette impression, c\u2019\u00e9tait incontestablement\u00a0 sa bonne humeur qui vous envo\u00fbte en parlant d\u2019un tableau, c\u2019\u00e9tait son rire contagieux pour interpr\u00e9ter la beaut\u00e9 d\u2019un paysage artistique,\u00a0 c\u2019\u00e9tait la po\u00e9sie et la finesse de vous servir une bonne blague tant elle poss\u00e9dait le secret et la ma\u00eetrise et le\u00a0 savoir \u2013faire. C\u2019\u00e9tait sa magie de vous parler de sa ville de naissance \u00e0 l\u2019autre bout du monde en Suisse. C\u2019\u00e9tait sa mani\u00e8re de vous parler du pays de son c\u0153ur et de ses parents, l\u2019Espagne.\u00a0 Et c\u2019\u00e9tait surtout, et c\u2019est cela qui m\u2019a le plus marqu\u00e9 sa mani\u00e8re de parler avec amour et tendresse de sa ville de Koudougou\u00a0 et de sa patrie le Burkina Faso car, depuis quelques ann\u00e9es elle \u00e9tait\u00a0 officiellement une des n\u00f4tres.<\/em><\/p>\n<p class=\"c4\"><em>Elle me donna le diminutif de son pr\u00e9nom\u00a0: Malia.<\/em><\/p>\n<p class=\"c4\"><em>&#8211; La Suisse, l\u2019Espagne, le Burkina, ma ch\u00e8re Malia, vous \u00eates une vraie citoyenne du monde. Dis-je.<\/em><\/p>\n<p class=\"c4\"><em>&#8211; Je\u00a0 crois que c\u2019est cela. Il faut que je vous pr\u00e9sente \u00e0 mon \u00e9poux.<\/em><\/p>\n<p class=\"c4\"><em>&#8211; Avec plaisir.<\/em><\/p>\n<p class=\"c4\"><em>\u00a0<\/em><\/p>\n<p class=\"c4\"><em>Le soir, au son de sa guitare, passant d\u2019un Georges Brassens \u00e0 un Manu Dibango, d\u2019un\u00a0 Georges Ou\u00e9draogo \u00e0 un Francis B\u00e9bey,\u00a0 avec une belle magie musicale, j\u2019admirai Bob, le mari de Malia. L\u2019homme parlait \u00e0 la perfection plusieurs langues du pays des Hommes int\u00e8gres et j\u2019avais vraiment du mal \u00e0 lui donner une r\u00e9gion ou une\u00a0 ethnie.<\/em><\/p>\n<p class=\"c4\"><em>&#8211; Je suis Camerounais et je vis au Burkina depuis plus de 25 ans.\u00a0 J\u2019ai la nationalit\u00e9 burkinab\u00e8 et\u00a0 c\u2019est mon pays de c\u0153ur.\u00a0 Cette terre du Burkina m\u2019a ouvert ses bras, cette terre\u00a0 restera \u00e0 jamais mon avenir. Je voyage beaucoup \u00e0 travers le monde, je vais voir souvent mes parents au Cameroun, j\u2019invite certains membres de ma famille et des amis au Faso. Je suis comme ma femme Malia,\u00a0 un citoyen du monde\u00a0!<\/em><\/p>\n<p class=\"c4\"><em>\u00a0<\/em><\/p>\n<p class=\"c4\"><em>*********<\/em><\/p>\n<p class=\"c4\"><em>\u00a0<\/em><\/p>\n<p class=\"c4\"><em>Je n\u2019en revenais pas. Lorsque le couple me raconta leur rencontre en France et leur mariage une ann\u00e9e apr\u00e8s dans un village de Koudougou, je demandai la permission\u00a0:<\/em><\/p>\n<p class=\"c4\"><em>&#8211; Ecrivain,\u00a0 ce serait un grand plaisir pour moi\u00a0 de partager votre histoire avec nos amis lecteurs.<\/em><\/p>\n<p class=\"c4\"><em>&#8211; Elle est\u00a0 v\u00f4tre cette histoire. Me dit Malia avec son \u00e9ternel sourire.<\/em><\/p>\n<p class=\"c4\"><em>Et, cette histoire, le soir dans la solitude de ma chambre, fut \u00e9crite.\u00a0 Cette histoire des citoyens du monde. Cette histoire de ceux qui vivent de rencontre, d\u2019amiti\u00e9, de fraternit\u00e9 et d\u2019amour. L\u2019histoire de ceux qui\u00a0 s\u2019aiment avec\u00a0 sinc\u00e9rit\u00e9 et finissent par b\u00e2tir\u00a0 des ponts de po\u00e9sie et de\u00a0 paix entre les humains.\u00a0\u00a0<\/em><\/p>\n<p class=\"c4\"><em>Des citoyens du monde pour qui la couleur, la croyance, la pens\u00e9e et\u00a0 la philosophie doivent se construire sur un seul socle\u00a0: l\u2019amour et le respect de l\u2019autre.<\/em><\/p>\n<p class=\"c4\"><em>\u00a0<\/em><\/p>\n<p><strong>Ousseni NIKIEMA<\/strong><\/p>\n<p><strong>T\u00e9l.\u00a0: \u00a070 13 25 96<\/strong><\/p>\n<p><strong>\u00a0lescontesdedunia@yahoo.fr<\/strong><\/p>\n<p><strong>\u00a0\u00a0\u00a0\u00a0\u00a0\u00a0\u00a0\u00a0\u00a0\u00a0\u00a0\u00a0\u00a0\u00a0\u00a0\u00a0\u00a0\u00a0\u00a0\u00a0\u00a0\u00a0\u00a0\u00a0\u00a0\u00a0\u00a0\u00a0\u00a0\u00a0\u00a0\u00a0\u00a0\u00a0\u00a0\u00a0\u00a0\u00a0\u00a0\u00a0\u00a0\u00a0\u00a0<\/strong><\/p>\n<p><strong>\u00a0<\/strong><\/p>\n<p><strong>\u00a0<\/strong><\/p>\n<p>Auteur: Le Pays<br \/>\n<a href=\"http:\/\/lepays.bf\/la-nouvelle-du-vendredi-citoyens-du-monde\/\">Cliquez ici pour lire l&rsquo;article depuis sa source.<\/a><\/p>\n","protected":false},"excerpt":{"rendered":"<p>Lorsque dans la ville du cavalier rouge, j\u2019allai visiter une sorte de boutique galerie avec des amis, je n\u2019attendais qu\u2019une chose\u00a0: admirer l\u2019art dans toute sa beaut\u00e9 \u00e0 travers de beaux tableaux. La dame qui nous accueillit, semblait sortir d\u2019un conte des mille et une nuit. Ce n\u2019\u00e9tait point la couleur blanche de sa peau [&hellip;]<\/p>\n","protected":false},"author":1813,"featured_media":27502,"comment_status":"closed","ping_status":"closed","sticky":false,"template":"","format":"standard","meta":{"fifu_image_url":"","fifu_image_alt":"","footnotes":""},"categories":[73,81],"tags":[],"class_list":["post-27501","post","type-post","status-publish","format-standard","has-post-thumbnail","hentry","category-actualite","category-burkina-faso"],"_links":{"self":[{"href":"https:\/\/linitiative.ca\/International\/wp-json\/wp\/v2\/posts\/27501","targetHints":{"allow":["GET"]}}],"collection":[{"href":"https:\/\/linitiative.ca\/International\/wp-json\/wp\/v2\/posts"}],"about":[{"href":"https:\/\/linitiative.ca\/International\/wp-json\/wp\/v2\/types\/post"}],"author":[{"embeddable":true,"href":"https:\/\/linitiative.ca\/International\/wp-json\/wp\/v2\/users\/1813"}],"replies":[{"embeddable":true,"href":"https:\/\/linitiative.ca\/International\/wp-json\/wp\/v2\/comments?post=27501"}],"version-history":[{"count":0,"href":"https:\/\/linitiative.ca\/International\/wp-json\/wp\/v2\/posts\/27501\/revisions"}],"wp:featuredmedia":[{"embeddable":true,"href":"https:\/\/linitiative.ca\/International\/wp-json\/"}],"wp:attachment":[{"href":"https:\/\/linitiative.ca\/International\/wp-json\/wp\/v2\/media?parent=27501"}],"wp:term":[{"taxonomy":"category","embeddable":true,"href":"https:\/\/linitiative.ca\/International\/wp-json\/wp\/v2\/categories?post=27501"},{"taxonomy":"post_tag","embeddable":true,"href":"https:\/\/linitiative.ca\/International\/wp-json\/wp\/v2\/tags?post=27501"}],"curies":[{"name":"wp","href":"https:\/\/api.w.org\/{rel}","templated":true}]}}