{"id":27503,"date":"2019-04-12T11:54:10","date_gmt":"2019-04-12T15:54:10","guid":{"rendered":"https:\/\/linitiative.ca\/International\/simon-compaore-president-par-interim-du-mpp-ce-qui-se-passe-actuellement-au-minefid-est-inacceptable\/"},"modified":"2019-04-12T11:54:10","modified_gmt":"2019-04-12T15:54:10","slug":"simon-compaore-president-par-interim-du-mpp-ce-qui-se-passe-actuellement-au-minefid-est-inacceptable","status":"publish","type":"post","link":"https:\/\/linitiative.ca\/International\/simon-compaore-president-par-interim-du-mpp-ce-qui-se-passe-actuellement-au-minefid-est-inacceptable\/","title":{"rendered":"SIMON COMPAORE, PRESIDENT PAR INTERIM DU MPP : \u00a0\u00ab\u00a0Ce qui se passe\u00a0 \u00a0\u00a0actuellement au MINEFID est inacceptable \u00bb\u00a0"},"content":{"rendered":"<p><img decoding=\"async\" class=\"post_layout_5_img\" src=\"http:\/\/lepays.bf\/wp-content\/uploads\/2019\/04\/simon.jpg\" alt=\"SIMON COMPAORE, PRESIDENT PAR INTERIM DU MPP : \u00a0\u00ab\u00a0Ce qui se passe\u00a0 \u00a0\u00a0actuellement au MINEFID est inacceptable \u00bb\u00a0\"\/><\/p>\n<p><strong>\u00a0<\/strong><strong>Les premiers responsables du Mouvement du peuple pour le progr\u00e8s (MPP) ont anim\u00e9 une conf\u00e9rence de presse, le 11 avril 2019, au si\u00e8ge dudit parti. La situation s\u00e9curitaire, les mouvements d\u2019humeur au minist\u00e8re de l\u2019Economie, des finances et du d\u00e9veloppement, \u00e9taient, entre autres, les questions abord\u00e9es au cours de cette conf\u00e9rence de presse.<\/strong><\/p>\n<p><strong>\u00a0<\/strong><\/p>\n<p class=\"c4\"><em>\u00a0Le Mouvement du peuple pour le progr\u00e8s (MPP) est contre la situation qui pr\u00e9vaut au minist\u00e8re de l\u2019Economie, des finances et du d\u00e9veloppement (MINEFID).\u00a0 Le parti a donn\u00e9 sa position au cours d\u2019une conf\u00e9rence de presse anim\u00e9e le 11 avril dernier.\u00a0 Pour ses premiers responsables, cette fa\u00e7on d\u2019agir \u00ab\u00a0n\u2019est ni plus ni moins qu\u2019une op\u00e9ration de sabotage, de tentative d\u2019asphyxier l\u2019\u00e9conomie nationale par un groupe de travailleurs plus port\u00e9s sur leurs int\u00e9r\u00eats personnels que sur le sort des Burkinab\u00e8\u00a0\u00bb.\u00a0 Pour le MPP, il est inacceptable qu\u2019une cat\u00e9gorie de travailleurs prenne le pays en otage, rendant ainsi difficile les activit\u00e9s \u00e9conomiques. \u00ab\u00a0Notre position est claire parce que ce qui se passe\u00a0\u00a0\u00a0 actuellement au MINEFID est inacceptable.\u00a0 Ils disent que ce n\u2019est pas une gr\u00e8ve, mais quand vous allez tout de suite pour payer vos imp\u00f4ts, on va vous dire qu\u2019il n\u2019y a pas de r\u00e9seau. Ceux qui refusent d\u2019encaisser, encaissent leurs salaires. (\u2026) \u00c7a ressemble \u00e0 du sabotage. Il faut avoir le courage de dire que c\u2019est bien cela.\u00a0 Ceux qui le font savent ce que cela entra\u00eene.\u00a0 Pour notre parti, nous disons que si les agents du MINEFID ont un probl\u00e8me, qu\u2019ils acceptent d\u2019ouvrir le d\u00e9bat avec l\u2019Etat, mais ils ne peuvent pas prendre tout le peuple en otage. Tous ceux qui ont des projets qu\u2019ils doivent r\u00e9aliser pour le compte de l\u2019Etat, ne peuvent pas le faire parce qu\u2019il n\u2019y a pas de possibilit\u00e9 d\u2019enregistrer les contrats comme il se doit.\u00a0 C\u2019est dire que les \u00e9coles, les maternit\u00e9s qu\u2019on aurait d\u00fb construire sont en souffrance\u00a0\u00bb, a d\u00e9plor\u00e9 Simon Compar\u00e9, pr\u00e9sident par int\u00e9rim du MPP.\u00a0<\/em><\/p>\n<p><strong>\u00a0<\/strong><\/p>\n<p><strong>La r\u00e9conciliation d\u2019accord, mais v\u00e9rit\u00e9 et justice d\u2019abord\u00a0!<\/strong><\/p>\n<p><strong>\u00a0<\/strong><\/p>\n<p class=\"c4\"><em>Pour lui, il est temps, pour les agents du MINEFID, de revenir \u00e0 la table de n\u00e9gociation afin de trouver des solutions \u00e0 cette crise.<\/em> <em>En plus de la situation au MINEFID, le parti du Soleil levant d\u00e9plore les menaces que font peser les syndicats de l\u2019enseignement sur les activit\u00e9s scolaires en d\u00e9cr\u00e9tant un arr\u00eat de travail de 24 heures, la gr\u00e8ve annonc\u00e9e du SYNTSHA de m\u00eame que le mouvement d\u2019humeur des chauffeurs routiers le 2 avril dernier. \u00a0La situation s\u00e9curitaire, notamment les\u00a0\u00a0 drames qui ont eu lieu \u00e0 Zoaga et \u00e0 Arbinda dans la nuit du 31 mars au 1<sup>er<\/sup> \u00a0avril dernier, a \u00e9galement \u00e9t\u00e9 abord\u00e9e au cours de la conf\u00e9rence de presse.\u00a0 Ce fut l\u2019occasion, pour le parti au pouvoir, de pr\u00e9senter ses condol\u00e9ances aux familles \u00e9plor\u00e9es. \u00ab\u00a0En ces douloureuses circonstances, le MPP renouvelle ses sinc\u00e8res condol\u00e9ances aux familles des victimes des atrocit\u00e9s de Zoaga et d\u2019Arbinda. Notre parti exprime sa compassion aux bless\u00e9s et sa solidarit\u00e9 avec le gouvernement qui met tout en \u0153uvre pour soulager la peine et la douleur de ceux et celles qui ont eu la vie sauve\u00a0\u00bb, a laiss\u00e9 entendre Simon Compaor\u00e9.Sur la question de la r\u00e9conciliation nationale, le MPP dit d\u00e9plorer la position d\u2019une certaine classe politique qui r\u00e9clame le retour au Burkina de tous ceux qu\u2019ils qualifient d\u2019exil\u00e9s politiques, avant la tenue du prochain r\u00e9f\u00e9rendum sur la Constitution de la V<sup>e<\/sup> \u00a0R\u00e9publique et avant les \u00e9lections de 2020. \u00a0Pour lui, \u00a0la r\u00e9conciliation d\u2019accord, mais v\u00e9rit\u00e9 et justice d\u2019abord. \u00ab Le MPP est favorable \u00e0 la r\u00e9conciliation nationale, mais une r\u00e9conciliation vraie, qui ne sacrifie pas la v\u00e9rit\u00e9 et la justice sur les actes graves commis qui ne peuvent quitter sur un coup de baguette magique la m\u00e9moire individuelle et collective. Le MPP se d\u00e9marque de l\u2019amalgame fait \u00e0 dessein par les chantres de la r\u00e9conciliation favorables \u00e0 la justice transitionnelle \u00e0 des fins de politique politicienne au d\u00e9triment de l\u2019Etat de droit\u00a0\u00bb, a conclu Simon Compar\u00e9.<\/em><\/p>\n<p><strong>\u00a0<\/strong><\/p>\n<p><strong>Issa SIGUIRE<\/strong><\/p>\n<p><strong>\u00a0<\/strong><\/p>\n<p><strong>\u00a0<\/strong><\/p>\n<p>Auteur: Le Pays<br \/>\n<a href=\"http:\/\/lepays.bf\/simon-compaore-president-par-interim-du-mpp-ce-qui-se-passe-actuellement-au-minefid-est-inacceptable\/\">Cliquez ici pour lire l&rsquo;article depuis sa source.<\/a><\/p>\n","protected":false},"excerpt":{"rendered":"<p>\u00a0Les premiers responsables du Mouvement du peuple pour le progr\u00e8s (MPP) ont anim\u00e9 une conf\u00e9rence de presse, le 11 avril 2019, au si\u00e8ge dudit parti. La situation s\u00e9curitaire, les mouvements d\u2019humeur au minist\u00e8re de l\u2019Economie, des finances et du d\u00e9veloppement, \u00e9taient, entre autres, les questions abord\u00e9es au cours de cette conf\u00e9rence de presse. \u00a0 \u00a0Le [&hellip;]<\/p>\n","protected":false},"author":1813,"featured_media":27504,"comment_status":"closed","ping_status":"closed","sticky":false,"template":"","format":"standard","meta":{"fifu_image_url":"","fifu_image_alt":"","footnotes":""},"categories":[73,81],"tags":[],"class_list":["post-27503","post","type-post","status-publish","format-standard","has-post-thumbnail","hentry","category-actualite","category-burkina-faso"],"_links":{"self":[{"href":"https:\/\/linitiative.ca\/International\/wp-json\/wp\/v2\/posts\/27503","targetHints":{"allow":["GET"]}}],"collection":[{"href":"https:\/\/linitiative.ca\/International\/wp-json\/wp\/v2\/posts"}],"about":[{"href":"https:\/\/linitiative.ca\/International\/wp-json\/wp\/v2\/types\/post"}],"author":[{"embeddable":true,"href":"https:\/\/linitiative.ca\/International\/wp-json\/wp\/v2\/users\/1813"}],"replies":[{"embeddable":true,"href":"https:\/\/linitiative.ca\/International\/wp-json\/wp\/v2\/comments?post=27503"}],"version-history":[{"count":0,"href":"https:\/\/linitiative.ca\/International\/wp-json\/wp\/v2\/posts\/27503\/revisions"}],"wp:featuredmedia":[{"embeddable":true,"href":"https:\/\/linitiative.ca\/International\/wp-json\/"}],"wp:attachment":[{"href":"https:\/\/linitiative.ca\/International\/wp-json\/wp\/v2\/media?parent=27503"}],"wp:term":[{"taxonomy":"category","embeddable":true,"href":"https:\/\/linitiative.ca\/International\/wp-json\/wp\/v2\/categories?post=27503"},{"taxonomy":"post_tag","embeddable":true,"href":"https:\/\/linitiative.ca\/International\/wp-json\/wp\/v2\/tags?post=27503"}],"curies":[{"name":"wp","href":"https:\/\/api.w.org\/{rel}","templated":true}]}}