{"id":27505,"date":"2019-04-12T12:01:27","date_gmt":"2019-04-12T16:01:27","guid":{"rendered":"https:\/\/linitiative.ca\/International\/drame-de-yirgou-130-suspects-serieux-identifies\/"},"modified":"2019-04-12T12:01:27","modified_gmt":"2019-04-12T16:01:27","slug":"drame-de-yirgou-130-suspects-serieux-identifies","status":"publish","type":"post","link":"https:\/\/linitiative.ca\/International\/drame-de-yirgou-130-suspects-serieux-identifies\/","title":{"rendered":"DRAME DE YIRGOU\u00a0130 :  suspects s\u00e9rieux identifi\u00e9s"},"content":{"rendered":"<p><img decoding=\"async\" class=\"post_layout_5_img\" src=\"http:\/\/lepays.bf\/wp-content\/uploads\/2019\/04\/yirigou.jpg\" alt=\"DRAME DE YIRGOU\u00a0130 : suspects s\u00e9rieux identifi\u00e9s\"\/><\/p>\n<p><strong>Le Collectif contre l\u2019impunit\u00e9 et la stigmatisation des communaut\u00e9s (CISC) a anim\u00e9,\u00a0 hier 11 avril 2019, une conf\u00e9rence de presse,\u00a0 101 jours apr\u00e8s le drame de Yirgou qui a fait, selon lui, 210 morts. Face aux Hommes de m\u00e9dias, le collectif a d\u00e9plor\u00e9 le fait que jusqu\u2019\u00e0 ce jour, aucune arrestation n\u2019a encore \u00e9t\u00e9 enregistr\u00e9e alors que 130 suspects s\u00e9rieux ont \u00e9t\u00e9 identifi\u00e9s.<\/strong><\/p>\n<p><strong>\u00a0<\/strong><\/p>\n<p class=\"c4\"><em>1<sup>er<\/sup> janvier 2019-11 avril 2019. Cela fait 101 jours que s\u2019est produit le drame de Yirgou. Plus de trois mois donc apr\u00e8s ce drame qualifi\u00e9 de \u00ab crime de g\u00e9nocide\u00a0\u00bb, par l\u2019avocat des familles des victimes, Me Farama, le Collectif contre l\u2019impunit\u00e9 et la stigmatisation des communaut\u00e9s (CISC) est indign\u00e9 du fait qu\u2019apr\u00e8s tout ce temps, aucune arrestation n\u2019a encore \u00e9t\u00e9 op\u00e9r\u00e9e. \u00ab\u00a0Le collectif constate avec amertume que jusqu\u2019\u00e0 ce jour, aucun suspect n\u2019a \u00e9t\u00e9 arr\u00eat\u00e9 alors que certains sont connus\u00a0\u00bb, a regrett\u00e9 le secr\u00e9taire g\u00e9n\u00e9ral du CISC, Dr Daouda Diallo. Selon lui,\u00a0 le procureur de Kaya\u00a0 a pourtant \u00a0affirm\u00e9 qu\u2019au stade actuel de l\u2019enqu\u00eate, \u00ab\u00a0130 suspects s\u00e9rieux ont \u00e9t\u00e9 identifi\u00e9s comme \u00e9tant des personnes ayant particip\u00e9 aux massacres\u00a0\u00bb. Pour les membres du collectif, c\u2019est \u00e0 ne rien y comprendre car pour des drames de moindre envergure, des personnes ont \u00e9t\u00e9 arr\u00eat\u00e9es en un laps de temps. \u00ab\u00a0Nous avons vu des drames moins importants\u00a0 dans d\u2019autres localit\u00e9s, qui ont concern\u00e9 d\u2019autres communaut\u00e9s,\u00a0 mais les arrestations ont \u00e9t\u00e9 imm\u00e9diates\u2026 Nous avons vu ce qui s\u2019est pass\u00e9 \u00e0 Zabr\u00e9 il y a quelques ann\u00e9es de cela, o\u00f9 six membres d\u2019une communaut\u00e9 ont \u00e9t\u00e9 tu\u00e9s, mais jusqu\u2019aujourd\u2019hui, les auteurs de ces crimes sont en prison. Les arrestations ont \u00e9t\u00e9 imm\u00e9diates. Par contre, dans ce drame de Yirgou, le plus horrible que nous ayons connu, dans lequel des personnes sont identifi\u00e9es, malheureusement, elles ne sont pas inqui\u00e9t\u00e9es, plus de 100 jours apr\u00e8s !\u00a0\u00bb, a d\u00e9plor\u00e9 Me Ambroise Farama, avocat des familles des victimes. Mais outre l\u2019absence d\u2019arrestation \u00e0 ce jour, les\u00a0 conf\u00e9renciers ont fustig\u00e9 le fait que ces\u00a0 personnes identifi\u00e9es continuent de circuler\u00a0 avec des armes, sous le regard complice ou impuissant des Forces de d\u00e9fense et de s\u00e9curit\u00e9 (FDS). \u00ab\u00a0Ces personnes\u00a0 continuent de sillonner, de\u00a0 circuler librement, dans\u00a0 les localit\u00e9s,\u00a0 arm\u00e9es,\u00a0 devant les FDS. M\u00eame les officiers de police judiciaire qui sont sur le terrain les voient. Ils continuent de circuler librement avec leurs armes sans\u00a0 aucune inqui\u00e9tude. Pourtant, aujourd\u2019hui, une personne d\u2019une autre communaut\u00e9 telle que la communaut\u00e9 peule ne peut m\u00eame pas se permettre de circuler librement avec une arme.<\/em><\/p>\n<p class=\"c4\"><em>\u00a0<\/em><\/p>\n<p><strong>Un d\u00e9bat national sur les questions du terrorisme<\/strong><\/p>\n<p><strong><em>\u00a0<\/em><\/strong><\/p>\n<p class=\"c4\">M\u00eame si l\u2019on trouve aujourd\u2019hui un membre de cette\u00a0 communaut\u00e9 avec\u00a0 une arme chez lui \u00e0 domicile, il aura tous les probl\u00e8mes\u00a0\u00bb, a affirm\u00e9 Me Farama. Et \u00e0 en croire Dr Diallo, en plus de se promener avec des armes, les suspects n\u2019h\u00e9sitent\u00a0 pas \u00e0 menacer des d\u00e9plac\u00e9s. \u00ab\u00a0Pire, ces milices enl\u00e8vent, torturent et tuent certains d\u00e9plac\u00e9s quand l\u2019envie leur vient. Surtout quand ceux-ci repartent sur leur lieu habituel de r\u00e9sidence pour chercher leur b\u00e9tail qui s\u2019y trouve\u00bb, a-t-il \u00a0confi\u00e9 tout en \u00a0mentionnant le cas d\u2019un certain Sadou Dicko qui a \u00e9t\u00e9 tu\u00e9 le 24 f\u00e9vrier dernier. \u00a0Pour l\u2019avocat des familles des victimes, il y a manifestement un manque de volont\u00e9 politique de proc\u00e9der \u00e0 l\u2019arrestation des personnes identifi\u00e9es. \u00ab\u00a0Est-ce parce que les Kolgw\u00e9ogo sont puissants, ou \u00a0parce qu\u2019ils sont arm\u00e9s ou est-ce parce qu\u2019il y a un calcul politicien \u00a0en arri\u00e8re qui fait qu\u2019on ne souhaite pas les arr\u00eater\u00a0? Ou est-ce l\u2019\u00e9ch\u00e9ance de 2020 qui pr\u00e9occupe au point qu\u2019on ne veuille \u00a0pas avoir une situation avec \u00a0un gouvernement en opposition avec les Kolgw\u00e9ogo\u00a0? Ce sont autant de questions et nous pensons que cela est inqui\u00e9tant\u00a0\u00bb, s\u2019est interrog\u00e9 \u00a0Me Farama pour qui l\u2019on est face \u00a0\u00e0 \u00ab\u00a0une justice \u00e0 double vitesse\u00a0\u00bb. Les conflits communautaires survenus r\u00e9cemment \u00e0 Arbinda ont \u00e9galement \u00e9t\u00e9 abord\u00e9s au cours de cette conf\u00e9rence de presse. Pendant que le gouvernement parle de 62 morts, le CISC, lui, avance un chiffre de plus de 100 morts, sur la base d\u2019informations coup\u00e9es. Pour les conf\u00e9renciers, les populations sont victimes des ex\u00e9cutions sommaires et des atrocit\u00e9s commises par certains \u00e9l\u00e9ments des FDS ainsi que des groupes terroristes. Face \u00e0 cette situation, ils ont lanc\u00e9 un appel \u00e0 la responsabilit\u00e9 de l\u2019Etat, tout en\u00a0 soulignant \u00a0que \u00ab\u00a0la stigmatisation d\u2019une communaut\u00e9 ne saurait \u00eatre une strat\u00e9gie dans la lutte contre le terrorisme\u00a0\u00bb. \u00ab\u00a0La stigmatisation pourrait pousser certains de nos compatriotes dans les bras des terroristes qui se pr\u00e9sentent comme leurs protecteurs contre les FDS\u00a0\u00bb, a dit M. Diallo.En tout \u00e9tat de cause, le collectif a\u00a0 exig\u00e9 justice pour le double crime de Yirgou et Arbinda, \u00a0une cessation imm\u00e9diate des ex\u00e9cutions extrajudiciaires en cours et l\u2019ouverture d\u2019enqu\u00eates ind\u00e9pendantes pour situer les responsabilit\u00e9s sur les crimes commis \u00e0 Banh et dans les\u00a0 localit\u00e9s\u00a0 du Nord, dans le Mouhoun et \u00e0 l\u2019Est. Aussi, \u00a0le CISC a recommand\u00e9 un d\u00e9bat national sur les questions du terrorisme et des milices d\u2019auto-d\u00e9fense et une tribune afin de permettre aux leaders religieux et coutumiers de s\u2019exprimer et d\u2019interpeller les citoyens sur les violences communautaires.<\/p>\n<p><strong>Colette DRABO<\/strong><\/p>\n<p><strong>\u00a0<\/strong><\/p>\n<p><strong>\u00a0<\/strong><\/p>\n<p>Auteur: Le Pays<br \/>\n<a href=\"http:\/\/lepays.bf\/drame-de-yirgou-130-suspects-serieux-identifies\/\">Cliquez ici pour lire l&rsquo;article depuis sa source.<\/a><\/p>\n","protected":false},"excerpt":{"rendered":"<p>Le Collectif contre l\u2019impunit\u00e9 et la stigmatisation des communaut\u00e9s (CISC) a anim\u00e9,\u00a0 hier 11 avril 2019, une conf\u00e9rence de presse,\u00a0 101 jours apr\u00e8s le drame de Yirgou qui a fait, selon lui, 210 morts. Face aux Hommes de m\u00e9dias, le collectif a d\u00e9plor\u00e9 le fait que jusqu\u2019\u00e0 ce jour, aucune arrestation n\u2019a encore \u00e9t\u00e9 enregistr\u00e9e [&hellip;]<\/p>\n","protected":false},"author":1813,"featured_media":27506,"comment_status":"closed","ping_status":"closed","sticky":false,"template":"","format":"standard","meta":{"fifu_image_url":"","fifu_image_alt":"","footnotes":""},"categories":[73,81],"tags":[],"class_list":["post-27505","post","type-post","status-publish","format-standard","has-post-thumbnail","hentry","category-actualite","category-burkina-faso"],"_links":{"self":[{"href":"https:\/\/linitiative.ca\/International\/wp-json\/wp\/v2\/posts\/27505","targetHints":{"allow":["GET"]}}],"collection":[{"href":"https:\/\/linitiative.ca\/International\/wp-json\/wp\/v2\/posts"}],"about":[{"href":"https:\/\/linitiative.ca\/International\/wp-json\/wp\/v2\/types\/post"}],"author":[{"embeddable":true,"href":"https:\/\/linitiative.ca\/International\/wp-json\/wp\/v2\/users\/1813"}],"replies":[{"embeddable":true,"href":"https:\/\/linitiative.ca\/International\/wp-json\/wp\/v2\/comments?post=27505"}],"version-history":[{"count":0,"href":"https:\/\/linitiative.ca\/International\/wp-json\/wp\/v2\/posts\/27505\/revisions"}],"wp:featuredmedia":[{"embeddable":true,"href":"https:\/\/linitiative.ca\/International\/wp-json\/"}],"wp:attachment":[{"href":"https:\/\/linitiative.ca\/International\/wp-json\/wp\/v2\/media?parent=27505"}],"wp:term":[{"taxonomy":"category","embeddable":true,"href":"https:\/\/linitiative.ca\/International\/wp-json\/wp\/v2\/categories?post=27505"},{"taxonomy":"post_tag","embeddable":true,"href":"https:\/\/linitiative.ca\/International\/wp-json\/wp\/v2\/tags?post=27505"}],"curies":[{"name":"wp","href":"https:\/\/api.w.org\/{rel}","templated":true}]}}