{"id":27507,"date":"2019-04-12T12:09:03","date_gmt":"2019-04-12T16:09:03","guid":{"rendered":"https:\/\/linitiative.ca\/International\/accord-complementaire-annexe-a-la-charte-de-la-transition-ce-document-signe-par-les-mandataires-de-lepoque-savere-faux-selon-me-hermann\/"},"modified":"2019-04-12T12:09:03","modified_gmt":"2019-04-12T16:09:03","slug":"accord-complementaire-annexe-a-la-charte-de-la-transition-ce-document-signe-par-les-mandataires-de-lepoque-savere-faux-selon-me-hermann","status":"publish","type":"post","link":"https:\/\/linitiative.ca\/International\/accord-complementaire-annexe-a-la-charte-de-la-transition-ce-document-signe-par-les-mandataires-de-lepoque-savere-faux-selon-me-hermann\/","title":{"rendered":"ACCORD COMPLEMENTAIRE ANNEXE A LA CHARTE DE LA TRANSITION\u00a0 :  \u00ab\u00a0Ce document sign\u00e9 par les mandataires de l\u2019\u00e9poque (\u2026) s\u2019av\u00e8re faux\u00a0\u00bb, selon Me Hermann Yam\u00e9ogo"},"content":{"rendered":"<p><img decoding=\"async\" class=\"post_layout_5_img\" src=\"http:\/\/lepays.bf\/wp-content\/uploads\/2017\/07\/lepaysresponsive.png\" alt=\"ACCORD COMPLEMENTAIRE ANNEXE A LA CHARTE DE LA TRANSITION\u00a0 : \u00ab\u00a0Ce document sign\u00e9 par les mandataires de l\u2019\u00e9poque (\u2026) s\u2019av\u00e8re faux\u00a0\u00bb, selon Me Hermann Yam\u00e9ogo\"\/><\/p>\n<p><strong>\u00ab\u00a0<em>Durant cette rencontre, fort houleuse et sur mon interpellation, le colonel Barry, voulant justifier la pr\u00e9sence des militaires dans le gouvernement, m\u2019a fait lire un document \u00ab\u00a0ultra secret\u00a0\u00bb tr\u00e8s confidentiel intitul\u00e9 \u00ab\u00a0Accord compl\u00e9mentaire \u00e0 la Charte de la Transition\u00a0\u00bb portant sur son Pr\u00e9ambule et dont j\u2019ignorais l\u2019existence jusqu\u2019\u00e0 ce jour, parce que ledit document n\u2019a jamais \u00e9t\u00e9 annex\u00e9 \u00e0 la Charte de la Transition, donc n\u2019a jamais \u00e9t\u00e9 publi\u00e9 officiellement, ni rendu public d\u2019aucune fa\u00e7on<\/em>\u00a0\u00bb. Ces mots de l\u2019ancien pr\u00e9sident du Burkina Faso, Jean-Baptiste Ou\u00e9draogo (JBO), ont visiblement touch\u00e9 bien des gens le 11 mars 2019. En effet, ces phrases prononc\u00e9es \u00e0 la barre lors du t\u00e9moignage de JBO au proc\u00e8s du putsch manqu\u00e9, ont fait une r\u00e9v\u00e9lation (celle de l\u2019existence d\u2019un accord annex\u00e9 \u00e0 la Charte de la Transition) que certains acteurs jugent tr\u00e8s <em>\u00abgrave\u00bb.<\/em><\/strong><\/p>\n<p><strong>\u00a0<\/strong><\/p>\n<p class=\"c4\"><em>Et parmi ces acteurs, il y a Me Hermann Yam\u00e9ogo, pr\u00e9sident de l\u2019Union nationale pour la d\u00e9mocratie et le d\u00e9veloppement (UNDD). \u00a0Comme dans sa formule habituelle, le natif de Koudougou a organis\u00e9 une causerie avec les Hommes de m\u00e9dias, le 11 avril 2019 \u00e0 Ouagadougou. A cette s\u00e9ance d\u2019\u00e9changes avec les journalistes, l\u2019on retrouvait des responsables politiques et d\u2019organisations de la soci\u00e9t\u00e9 civile ainsi que quelques militants et m\u00eame des co-accus\u00e9s dans le proc\u00e8s du putsch manqu\u00e9. Le sujet central du d\u00e9bat \u00e9tait tout trouv\u00e9\u00a0: \u00ab\u00a0l\u2019accord occulte annex\u00e9 \u00e0 la Charte de la Transition et le processus de d\u00e9litement de l\u2019Etat\u00a0\u00bb. Me Hermann a fait le constat que la situation actuelle du Burkina Faso est marqu\u00e9e par une \u00ab\u00a0occupation de portions importantes du territoire national par des djihadistes\u00a0\u00bb, une \u00ab\u00a0rupture prononc\u00e9e de la coh\u00e9sion sociale et nationale\u00a0\u00bb, une \u00ab\u00a0corrosion de la justice avec sp\u00e9cialement l\u2019iniquit\u00e9 des proc\u00e8s politiques et le refus obstin\u00e9 d\u2019une v\u00e9ritable r\u00e9conciliation nationale\u00a0\u00bb. \u00ab\u00a0Ces d\u00e9faillances et manquements dans les engagements pris (\u2026) mettent en cause la responsabilit\u00e9 personnelle et politique des dirigeants et sp\u00e9cialement du Pr\u00e9sident du Faso conform\u00e9ment au droit national et international\u00a0\u00bb, a soulign\u00e9 le pr\u00e9sident de l\u2019UNDD.<\/em><\/p>\n<p><strong>\u00a0<\/strong><\/p>\n<p><strong>L\u2019accord compl\u00e9mentaire \u00e0 la Charte de la Transition index\u00e9e<\/strong><\/p>\n<p><strong>\u00a0<\/strong><\/p>\n<p class=\"c4\"><em>Parmi les causes de la situation difficile que traverse le Burkina Faso, selon Me Hermann Yam\u00e9ogo, \u00ab\u00a0il y a celles qui tiennent \u00e0 l\u2019insurrection\/coup d\u2019Etat des 30\/31 octobre 2014, dont le d\u00e9roul\u00e9 violent, irrespectueux de toute l\u00e9galit\u00e9 et de toute l\u00e9gitimit\u00e9 est \u00e0 l\u2019origine des stigmates qui affligent maintenant les capacit\u00e9s de l\u2019Etat\u00a0\u00bb. Et ce n\u2019est pas tout\u00a0! Me Hermann pointe un doigt accusateur sur un document\u00a0: \u00ab\u00a0l\u2019accord compl\u00e9mentaire sans date, annex\u00e9 \u00e0 la Charte de la Transition mais que l\u2019on dit avoir sign\u00e9 en novembre 2014\u00a0\u00bb. Pr\u00e9cisions\u00a0de l\u2019homme du \u00ab\u00a0T\u00e9kr\u00e9\u00a0\u00bb\u00a0: \u00ab\u00a0ce document de 4 pages comportait 3 articles et dont la substance est de permettre, contrairement \u00e0 la Charte (muette \u00e0 cet \u00e9gard), et \u00e0 la CEDEAO (qui n\u2019en voulait pas trop pour ne pas l\u00e9gitimer le coup d\u2019Etat), la possible pr\u00e9sence des militaires dans le gouvernement\u00a0\u00bb.\u00a0 Selon Hermann Yam\u00e9ogo, ce document suppos\u00e9 avoir \u00e9t\u00e9 sign\u00e9 par les mandataires de l\u2019\u00e9poque, des partis politiques affili\u00e9s au CFOP, les \u00ab\u00a0autres partis\u00a0\u00bb, les organisations de la soci\u00e9t\u00e9 civile, des Forces de d\u00e9fense et de s\u00e9curit\u00e9 et des autorit\u00e9s coutumi\u00e8res et religieuses, s\u2019av\u00e8re faux. En tout cas, a-t-il indiqu\u00e9, le mandataire de l\u2019UNDD ne reconna\u00eet pas avoir sign\u00e9 un tel document. \u00a0\u00a0\u00a0\u00a0\u00a0 \u00ab\u00a0Par la r\u00e9v\u00e9lation de ce faux, le pr\u00e9sident JBO a voulu soulager sa conscience et en m\u00e9decin fid\u00e8le \u00e0 son serment, offrir de soigner des blessures caus\u00e9es \u00e0 la m\u00e9moire nationale et \u00e0 l\u2019image de l\u2019Etat\u00a0\u00bb, a soulign\u00e9 l\u2019animateur de la \u00ab\u00a0causerie\u00a0\u00bb.\u00a0 La certitude de Me Hermann Yam\u00e9ogo\u00a0: \u00ab\u00a0si ce faux n\u2019avait pas eu lieu, c\u2019est l\u00e0 une \u00e9vidence premi\u00e8re, nous aurions \u00e9vit\u00e9, entre autres calamit\u00e9s\u00a0: l\u2019exclusion avec la loi Sy Ch\u00e9rif, les diff\u00e9rentes r\u00e9voltes au RSP, le putsch du 16 septembre 2015, les bless\u00e9s et morts de ce coup d\u2019Etat, les incarc\u00e9rations \u00e0 la MACA, les diff\u00e9rents dossiers (\u00e9vasion, Yimdi, Nazinon). Si ce faux n\u2019avait pas \u00e9t\u00e9 confectionn\u00e9 et frauduleusement impos\u00e9, la configuration politique et \u00e9lectorale actuelle serait tout autre si bien que la perte d\u2019opportunit\u00e9 est ici aussi bien importante que patente\u00a0\u00bb.<\/em><\/p>\n<p><strong>\u00a0<\/strong><\/p>\n<p><strong>Sur les traces des signataires de l\u2019accord compl\u00e9mentaire<\/strong><\/p>\n<p><strong>\u00a0<\/strong><\/p>\n<p class=\"c4\">L\u2019accord compl\u00e9mentaire \u00e0 la Charte de la Transition dont chaque journaliste a eu copie, porte cinq signatures\u00a0: les partis politiques (les partis affili\u00e9s au CFOP et les autres partis politiques), les organisations de la soci\u00e9t\u00e9 civile, les Forces de d\u00e9fense et de s\u00e9curit\u00e9 et les autorit\u00e9s religieuses et coutumi\u00e8res. Les mandataires de ces groupes sont connus\u00a0: Dabo Amadou (les autres partis politiques)\u00a0; Pasteur Y\u00e9 Henri (autorit\u00e9s religieuses et coutumi\u00e8res)\u00a0; Z\u00e9phirin Diabr\u00e9 (partis affili\u00e9s au CFOP)\u00a0; Luc Marius Ibriga (organisations de la soci\u00e9t\u00e9 civile). L\u2019identit\u00e9 des mandataires des FDS n\u2019est pas indiqu\u00e9e, mais Hermann Yam\u00e9ogo et ses camarades pensent qu\u2019il s\u2019agit de Yacouba Isaac Zida. Comprenez bien\u00a0: le pr\u00e9sident de l\u2019UNDD est dans une logique de d\u00e9nonciation de ce document et vient de d\u00e9clencher une action qui peut \u00eatre, selon ses explications, \u00e0 la fois judiciaire et politique. D\u00e9j\u00e0, il a adress\u00e9 des sommations interpellatives, juridiquement parlant, \u00e0 toutes ces personnes cit\u00e9es sauf, pour l\u2019instant, au mandataire des FDS. Pour l\u2019homme politique, <em>\u00ab\u00a0la fausset\u00e9 d\u2019un tel accord, concoct\u00e9 au plus haut sommet de la R\u00e9publique, choque l\u2019opinion et l\u00e8se les droits et int\u00e9r\u00eats du requ\u00e9rant (qu\u2019il est), d\u2019abord en tant que citoyen burkinab\u00e8, ensuite en tant que leader politique et enfin en tant qu\u2019accus\u00e9 dans le dossier dit du putsch\u00a0\u00bb.<\/em> D\u00e9tail\u00a0important\u00a0: les mandataires cit\u00e9s dans les sommations interpellatives, n\u2019ont pas dit clairement\u00a0 qu\u2019ils reconnaissent, oui ou non, avoir sign\u00e9 ledit accord. Leur r\u00e9ponse\u00a0\u00e0 la requ\u00eate de Me Hermann Yam\u00e9ogo\u00a0: <em>\u00ab\u00a0R\u00e9ponse suivra\u00a0\u00bb\u00a0<\/em>! Hermann Yam\u00e9ogo veut en r\u00e9alit\u00e9 ester l\u2019Etat en Justice. Mais pour le moment, il est dans une d\u00e9marche informative.<\/p>\n<p><strong>Michel NANA<\/strong><\/p>\n<p><strong>\u00a0<\/strong><\/p>\n<p><strong>Accord compl\u00e9mentaire \u00e0 la Charte de la Transition<\/strong><\/p>\n<p><strong>\u00a0<\/strong><\/p>\n<p><strong>PREAMBULE<\/strong><\/p>\n<p><strong>\u00a0<\/strong><\/p>\n<p class=\"c4\"><em>Nous, signataires du pr\u00e9sent accord<\/em><\/p>\n<p class=\"c4\"><em>\u00a0<\/em><\/p>\n<p class=\"c4\"><em>Consid\u00e9rant le caract\u00e8re populaire de l&rsquo;insurrection des 30 et 31 octobre 2014\u00a0 ayant conduit \u00e0 la d\u00e9mission du pr\u00e9sident Blaise Compaor\u00e9 ;<\/em><\/p>\n<p class=\"c4\"><em>Consid\u00e9rant le lourd tribut pay\u00e9 par les filles et fils du Burkina Faso\u00a0;<\/em><\/p>\n<p class=\"c4\"><em>Consid\u00e9rant le combat pour la reprise du pouvoir par le Peuple;<\/em><\/p>\n<p class=\"c4\"><em>Consid\u00e9rant la contribution et le comportement patriotiques et r\u00e9publicains des Forces de d\u00e9fense et de s\u00e9curit\u00e9 qui ont assur\u00e9 la continuit\u00e9 du pouvoir d&rsquo;Etat;<\/em><\/p>\n<p class=\"c4\"><em>Consid\u00e9rant la n\u00e9cessit\u00e9 d&rsquo;une Transition politique d\u00e9mocratique, civile,\u00a0 apais\u00e9e et inclusive;<\/em><\/p>\n<p class=\"c4\"><em>Consid\u00e9rant la n\u00e9cessit\u00e9 du retrait des membres des Forces de d\u00e9fense et de s\u00e9curit\u00e9 de la gestion des affaires politiques \u00e0 la fin de la Transition;<\/em><\/p>\n<p><strong>Approuvons ce qui suit:<\/strong><\/p>\n<p><strong>\u00a0<\/strong><\/p>\n<p><strong>Article 1 : la d\u00e9signation du Premier ministre<\/strong><\/p>\n<p><strong>\u00a0<\/strong><\/p>\n<p class=\"c4\"><em>Le gouvernement de transition est dirig\u00e9 par un Premier ministre nomm\u00e9 par le\u00a0 pr\u00e9sident de la Transition, sur proposition des Forces de d\u00e9fense et de s\u00e9curit\u00e9, et en concertation avec les forces vives.<\/em><\/p>\n<p class=\"c4\"><em>La personnalit\u00e9 civile ou militaire propos\u00e9e par les Forces de d\u00e9fense et de s\u00e9curit\u00e9 est nomm\u00e9e Premier ministre.<\/em><\/p>\n<p class=\"c4\"><em>\u00a0<\/em><\/p>\n<p class=\"c4\"><em>Il forme son gouvernement, en concertation avec les diff\u00e9rentes composantes des forces vives de la Nation.<\/em><\/p>\n<p class=\"c4\"><em>Le gouvernement est mis en place par d\u00e9cret du pr\u00e9sident de la Transition.<\/em><\/p>\n<p class=\"c4\"><em>Un secr\u00e9taire g\u00e9n\u00e9ral du gouvernement est nomm\u00e9 dans les m\u00eames conditions.<\/em><\/p>\n<p><strong>\u00a0<\/strong><\/p>\n<p><strong>Article<\/strong> <strong>2 : Les d\u00e9partements minist\u00e9riels<\/strong><\/p>\n<p><strong>\u00a0<\/strong><\/p>\n<p class=\"c4\"><em>La composition du gouvernement de transition prend en compte les jeunes, les femmes et les syndicats.<\/em><\/p>\n<p class=\"c4\"><em>Le gouvernement de transition est constitu\u00e9 de 25 d\u00e9partements minist\u00e9riels, ainsi qu\u2019il suit\u00a0:<\/em><\/p>\n<p class=\"c4\"><em>\u00a0<\/em><\/p>\n<p class=\"c4\"><em>&#8211; minist\u00e8re de la D\u00e9fense nationale et des anciens\u00a0 combattants\u00a0;<\/em><\/p>\n<p class=\"c4\"><em>&#8211; minist\u00e8re de l&rsquo;Administration territoriale, de la d\u00e9centralisation et de la s\u00e9curit\u00e9\u00a0;<\/em><\/p>\n<p class=\"c4\"><em>&#8211; minist\u00e8re des Affaires \u00e9trang\u00e8res et de la coop\u00e9ration r\u00e9gionale.<\/em><\/p>\n<p class=\"c4\"><em>&#8211; minist\u00e8re de l&rsquo;Economie et des finances\u00a0;<\/em><\/p>\n<p class=\"c4\"><em>&#8211; minist\u00e8re de la Justice, des droits humains et de la promotion civique, garde des sceaux\u00a0;<\/em><\/p>\n<p class=\"c4\"><em>&#8211; minist\u00e8re de l&rsquo;Eau, de l&rsquo;agriculture et de la s\u00e9curit\u00e9 alimentaire\u00a0;<\/em><\/p>\n<p class=\"c4\"><em>&#8211; minist\u00e8re des Mines et de l&rsquo;\u00e9nergie.<\/em><\/p>\n<p class=\"c4\"><em>&#8211;\u00a0 minist\u00e8re de l&rsquo;Industrie, du commerce et de l&rsquo;artisanat\u00a0;<\/em><\/p>\n<p class=\"c4\"><em>&#8211;\u00a0 minist\u00e8re de la Communication.<\/em><\/p>\n<p class=\"c4\"><em>&#8211; minist\u00e8re de la Culture et du tourisme\u00a0;<\/em><\/p>\n<p class=\"c4\"><em>&#8211;\u00a0 minist\u00e8re des Infrastructures\u00a0; du d\u00e9senclavement et des transports\u00a0;<\/em><\/p>\n<p class=\"c4\"><em>&#8211; minist\u00e8re de la Sant\u00e9\u00a0;<\/em><\/p>\n<p class=\"c4\"><em>&#8211; minist\u00e8re de l\u2019Habitat et de l\u2019urbanisme\u00a0;<\/em><\/p>\n<p class=\"c4\"><em>&#8211; minist\u00e8re des Enseignements secondaire et sup\u00e9rieur\u00a0;<\/em><\/p>\n<p class=\"c4\"><em>&#8211; minist\u00e8re de l&rsquo;Education nationale et de l\u2019alphab\u00e9tisation\u00a0;<\/em><\/p>\n<p class=\"c4\"><em>&#8211; minist\u00e8re de la Fonction publique, du travail et de la s\u00e9curit\u00e9 sociale\u00a0;\u00a0\u00a0<\/em><\/p>\n<p class=\"c4\"><em>\u00a0&#8211;\u00a0 minist\u00e8re de la Recherche scientifique et de l\u2019innovation\u00a0;<\/em><\/p>\n<p class=\"c4\"><em>\u00a0&#8211; minist\u00e8re de l\u2019Environnement et des ressources halieutiques\u00a0;<\/em><\/p>\n<p class=\"c4\"><em>&#8211; Minist\u00e8re de la Jeunesse, de la formation professionnelle et de l\u2019emploi\u00a0;<\/em><\/p>\n<p class=\"c4\"><em>\u00a0&#8211; minist\u00e8re des Ressources animales\u00a0;<\/em><\/p>\n<p class=\"c4\"><em>&#8211; minist\u00e8re du D\u00e9veloppement de l\u2019\u00e9conomie num\u00e9rique et des postes\u00a0;<\/em><\/p>\n<p class=\"c4\"><em>&#8211; minist\u00e8re des Sports et loisirs\u00a0;<\/em><\/p>\n<p class=\"c4\"><em>&#8211;\u00a0 minist\u00e8re de l&rsquo;Action sociale et de la solidarit\u00e9\u00a0 nationale\u00a0;<\/em><\/p>\n<p class=\"c4\"><em>&#8211;\u00a0 minist\u00e8re de la promotion de la femme et du genre\u00a0;<\/em><\/p>\n<p class=\"c4\"><em>&#8211;\u00a0 minist\u00e8re d\u00e9l\u00e9gu\u00e9 aupr\u00e8s du minist\u00e8re de l\u2019Economie et des finances charg\u00e9 du budget.<\/em><\/p>\n<p class=\"c4\"><em>\u00a0<\/em><\/p>\n<p><strong>Article 3\u00a0: La r\u00e9partition des postes minist\u00e9riels<\/strong><\/p>\n<p><strong>\u00a0<\/strong><\/p>\n<p><strong><em>La r\u00e9partition des postes minist\u00e9riels est faite par le Premier ministre, en prenant en compte les diff\u00e9rentes composantes des forces vives de la Nation.<\/em><\/strong><\/p>\n<p><strong>\u00a0<\/strong><\/p>\n<p><strong>Fait \u00e0 Ouagadougou, le \u2026. novembre 2014<\/strong><\/p>\n<p><strong>\u00a0<\/strong><\/p>\n<p class=\"c4\">Les signataires :<\/p>\n<p class=\"c4\">Les partis politiques<\/p>\n<p class=\"c4\">Les partis politiques affili\u00e9s au CFOP<\/p>\n<p class=\"c4\">Les autres partis politiques<\/p>\n<p class=\"c4\">Les organisations de la soci\u00e9t\u00e9 civile<\/p>\n<p class=\"c4\">Les Forces de d\u00e9fense et de s\u00e9curit\u00e9<\/p>\n<p class=\"c4\">Les autorit\u00e9s religieuses et coutumi\u00e8res<\/p>\n<p>Auteur: Le Pays<br \/>\n<a href=\"http:\/\/lepays.bf\/accord-complementaire-annexe-a-la-charte-de-la-transition-ce-document-signe-par-les-mandataires-de-lepoque-savere-faux-selon-me-hermann\/\">Cliquez ici pour lire l&rsquo;article depuis sa source.<\/a><\/p>\n","protected":false},"excerpt":{"rendered":"<p>\u00ab\u00a0Durant cette rencontre, fort houleuse et sur mon interpellation, le colonel Barry, voulant justifier la pr\u00e9sence des militaires dans le gouvernement, m\u2019a fait lire un document \u00ab\u00a0ultra secret\u00a0\u00bb tr\u00e8s confidentiel intitul\u00e9 \u00ab\u00a0Accord compl\u00e9mentaire \u00e0 la Charte de la Transition\u00a0\u00bb portant sur son Pr\u00e9ambule et dont j\u2019ignorais l\u2019existence jusqu\u2019\u00e0 ce jour, parce que ledit document n\u2019a [&hellip;]<\/p>\n","protected":false},"author":1813,"featured_media":27508,"comment_status":"closed","ping_status":"closed","sticky":false,"template":"","format":"standard","meta":{"fifu_image_url":"","fifu_image_alt":"","footnotes":""},"categories":[73,81],"tags":[],"class_list":["post-27507","post","type-post","status-publish","format-standard","has-post-thumbnail","hentry","category-actualite","category-burkina-faso"],"_links":{"self":[{"href":"https:\/\/linitiative.ca\/International\/wp-json\/wp\/v2\/posts\/27507","targetHints":{"allow":["GET"]}}],"collection":[{"href":"https:\/\/linitiative.ca\/International\/wp-json\/wp\/v2\/posts"}],"about":[{"href":"https:\/\/linitiative.ca\/International\/wp-json\/wp\/v2\/types\/post"}],"author":[{"embeddable":true,"href":"https:\/\/linitiative.ca\/International\/wp-json\/wp\/v2\/users\/1813"}],"replies":[{"embeddable":true,"href":"https:\/\/linitiative.ca\/International\/wp-json\/wp\/v2\/comments?post=27507"}],"version-history":[{"count":0,"href":"https:\/\/linitiative.ca\/International\/wp-json\/wp\/v2\/posts\/27507\/revisions"}],"wp:featuredmedia":[{"embeddable":true,"href":"https:\/\/linitiative.ca\/International\/wp-json\/"}],"wp:attachment":[{"href":"https:\/\/linitiative.ca\/International\/wp-json\/wp\/v2\/media?parent=27507"}],"wp:term":[{"taxonomy":"category","embeddable":true,"href":"https:\/\/linitiative.ca\/International\/wp-json\/wp\/v2\/categories?post=27507"},{"taxonomy":"post_tag","embeddable":true,"href":"https:\/\/linitiative.ca\/International\/wp-json\/wp\/v2\/tags?post=27507"}],"curies":[{"name":"wp","href":"https:\/\/api.w.org\/{rel}","templated":true}]}}