{"id":27509,"date":"2019-04-11T21:14:22","date_gmt":"2019-04-12T01:14:22","guid":{"rendered":"https:\/\/linitiative.ca\/International\/commemoration-du-centenaire-du-burkina-le-premier-ministre-communie-avec-les-eleves-du-lycee-zinda\/"},"modified":"2019-04-11T21:14:22","modified_gmt":"2019-04-12T01:14:22","slug":"commemoration-du-centenaire-du-burkina-le-premier-ministre-communie-avec-les-eleves-du-lycee-zinda","status":"publish","type":"post","link":"https:\/\/linitiative.ca\/International\/commemoration-du-centenaire-du-burkina-le-premier-ministre-communie-avec-les-eleves-du-lycee-zinda\/","title":{"rendered":"Comm\u00e9moration du centenaire du Burkina: Le Premier ministre communie avec les \u00e9l\u00e8ves du lyc\u00e9e Zinda"},"content":{"rendered":"<div class=\"td-post-featured-image\" readability=\"36\"><a href=\"https:\/\/i0.wp.com\/www.sidwaya.info\/wp-content\/uploads\/2019\/04\/cente.jpg?fit=787%2C525&#038;ssl=1\" data-caption=\"Le chef du gouvernement, Christophe Joseph Marie Dabir\u00e9 \u00e0 la jeunesse burkinab\u00e8\u00a0:\u00a0\u00abnous travaillerons, malgr\u00e9 toutes les difficult\u00e9s afin que vous puissiez b\u00e9n\u00e9ficier d\u2019un minimum de confort pour faire des \u00e9tudes dans les meilleures conditions possibles\u00bb\"><img loading=\"lazy\" decoding=\"async\" width=\"696\" height=\"464\" class=\"entry-thumb td-modal-image\" src=\"https:\/\/i0.wp.com\/www.sidwaya.info\/wp-content\/uploads\/2019\/04\/cente.jpg?resize=696%2C464&#038;ssl=1\" srcset=\"https:\/\/i0.wp.com\/www.sidwaya.info\/wp-content\/uploads\/2019\/04\/cente.jpg?w=787&#038;ssl=1 787w, https:\/\/i0.wp.com\/www.sidwaya.info\/wp-content\/uploads\/2019\/04\/cente.jpg?resize=300%2C200&#038;ssl=1 300w, https:\/\/i0.wp.com\/www.sidwaya.info\/wp-content\/uploads\/2019\/04\/cente.jpg?resize=768%2C512&#038;ssl=1 768w, https:\/\/i0.wp.com\/www.sidwaya.info\/wp-content\/uploads\/2019\/04\/cente.jpg?resize=696%2C464&#038;ssl=1 696w, https:\/\/i0.wp.com\/www.sidwaya.info\/wp-content\/uploads\/2019\/04\/cente.jpg?resize=630%2C420&#038;ssl=1 630w\" sizes=\"auto, (max-width: 696px) 100vw, 696px\" alt=\"\" title=\"cente\"\/><\/a>Le chef du gouvernement, Christophe Joseph Marie Dabir\u00e9 \u00e0 la jeunesse burkinab\u00e8\u00a0:\u00a0\u00abnous travaillerons, malgr\u00e9 toutes les difficult\u00e9s afin que vous puissiez b\u00e9n\u00e9ficier d\u2019un minimum de confort pour faire des \u00e9tudes dans les meilleures conditions possibles\u00bb<\/div>\n<div class=\"td-a-rec td-a-rec-id-content_top td_uid_30_5cb106acf30f1_rand td_block_template_1\"><img loading=\"lazy\" decoding=\"async\" class=\"aligncenter size-full wp-image-4463\" src=\"https:\/\/www.sidwaya.info\/wp-content\/uploads\/2019\/02\/FESPACO-TOUR-2019-Bannie%CC%80re-728x90-1.jpg\" alt=\"\" width=\"728\" height=\"90\"\/><\/div>\n<p><strong>Dans le cadre des activit\u00e9s comm\u00e9moratives du centenaire de la cr\u00e9ation de la Haute-Volta, actuel Burkina Faso, le Premier ministre, Christophe Dabir\u00e9, a assist\u00e9 \u00e0 la mont\u00e9e des couleurs nationales, dans la matin\u00e9e du jeudi 11 avril 2019, au lyc\u00e9e Philippe-Zinda-Kabor\u00e9, \u00e0 Ouagadougou.<\/strong><\/p>\n<p>Sc\u00e8ne inhabituelle \u00e0 l\u2019entr\u00e9e principale du lyc\u00e9e Philippe-Zinda-Kabor\u00e9 dans la matin\u00e9e du jeudi 11 avril 2019. Il est 7h 30. Le portail principal de l\u2019\u00e9tablissement vient de se refermer. Des gendarmes en faction emp\u00eachent de l\u2019ouvrir. Un petit groupe d\u2019une dizaine d\u2019\u00e9l\u00e8ves se rue vers une autre entr\u00e9e situ\u00e9e c\u00f4t\u00e9 ouest de l\u2019\u00e9tablissement. Il est stopp\u00e9 par deux \u00e9l\u00e9ments de la gendarmerie nationale.<\/p>\n<p>Entre incompr\u00e9hension et d\u00e9ception, les \u00e9l\u00e8ves font le pied de grue en face des deux hommes arm\u00e9s. Arnaud To\u00e9 et Assane Guir\u00e9 essaient de n\u00e9gocier. Peine perdue, les ordres sont formels, personne ne peut entrer apr\u00e8s 7H30. C\u2019est incompr\u00e9hensible pour ces \u00e9l\u00e8ves qui confient \u00eatre habitu\u00e9s \u00e0 p\u00e9n\u00e9trer au sein de leur \u00e9tablissement, quelle que soit l\u2019heure. Cl\u00e9ment Ou\u00e9draogo reconna\u00eet avoir lu, la veille, une note informant les \u00e9l\u00e8ves, les enseignants et le personnel administratif de la venue du Premier ministre, Christophe Joseph Marie Dabir\u00e9.<\/p>\n<p><img loading=\"lazy\" decoding=\"async\" class=\"size-medium wp-image-6789\" src=\"https:\/\/i0.wp.com\/www.sidwaya.info\/wp-content\/uploads\/2019\/04\/cete1.jpg?resize=300%2C200&#038;ssl=1\" alt=\"\" width=\"300\" height=\"200\" srcset=\"https:\/\/i0.wp.com\/www.sidwaya.info\/wp-content\/uploads\/2019\/04\/cete1.jpg?resize=300%2C200&#038;ssl=1 300w, https:\/\/i0.wp.com\/www.sidwaya.info\/wp-content\/uploads\/2019\/04\/cete1.jpg?resize=768%2C512&#038;ssl=1 768w, https:\/\/i0.wp.com\/www.sidwaya.info\/wp-content\/uploads\/2019\/04\/cete1.jpg?resize=696%2C464&#038;ssl=1 696w, https:\/\/i0.wp.com\/www.sidwaya.info\/wp-content\/uploads\/2019\/04\/cete1.jpg?resize=630%2C420&#038;ssl=1 630w, https:\/\/i0.wp.com\/www.sidwaya.info\/wp-content\/uploads\/2019\/04\/cete1.jpg?w=787&#038;ssl=1 787w\" sizes=\"auto, (max-width: 300px) 100vw, 300px\" data-recalc-dims=\"1\"\/>A la faveur de la c\u00e9l\u00e9bration du centenaire du Burkina Faso, plusieurs \u00e9l\u00e8ves du lyc\u00e9e Zinda ont particip\u00e9 \u00e0 la mont\u00e9e des couleurs du jour.<\/p>\n<p>Ces \u00e9l\u00e8ves qui s\u2019impatientaient \u00e0 l\u2019entr\u00e9e sont en train de manquer \u00e0 la mont\u00e9e des couleurs nationales, qui a lieu quelques m\u00e8tres plus loin au sein de l\u2019\u00e9tablissement, en pr\u00e9sence d\u2019\u00e9lus locaux et nationaux, de membres du gouvernement et du chef du gouvernement, et au rythme du chant de la victoire, le Ditany\u00e8, repris en ch\u0153ur par plusieurs centaines d\u2019\u00e9l\u00e8ves, venus eux, \u00e0 l\u2019heure.<\/p>\n<p>Une fois le drapeau burkinab\u00e8 hiss\u00e9 au sommet du m\u00e2t, le Premier ministre explique la symbolique de cette c\u00e9r\u00e9monie particuli\u00e8re d\u2019une voix paternaliste. Il s\u2019agit, leur dit-il, de s\u2019approprier l\u2019histoire du pays, \u00e0 l\u2019occasion du centenaire de la colonie de Haute-Volta, cr\u00e9\u00e9e le 1er mars 1919 et devenue, depuis le 5 ao\u00fbt 1984, Burkina Faso.<\/p>\n<p>Pendant ces 100 ans du pays, rappelle M. Dabir\u00e9,\u00a0\u00abnous avons travers\u00e9 des moments tr\u00e8s difficiles, mais toutes ces luttes ont contribu\u00e9 \u00e0 faire de ce territoire une terre libre, ind\u00e9pendante o\u00f9 nous concevons la d\u00e9mocratie et o\u00f9 nous voulons que les valeurs ancestrales de libert\u00e9 et d\u2019int\u00e9grit\u00e9 continuent \u00e0 r\u00e9gner sur le territoire\u00bb.<\/p>\n<p>Dans la suite du combat des anc\u00eatres et des anciens, Christophe Dabir\u00e9 exhorte la jeunesse burkinab\u00e8 au travail et au civisme pour d\u00e9fendre le drapeau, symbole de la Nation, afin de laisser aux g\u00e9n\u00e9rations \u00e0 venir, un pays o\u00f9 il fait bon vivre. En guise de r\u00e9ponse, c\u2019est une salve d\u2019applaudissements qui lui est adress\u00e9e.<\/p>\n<p class=\"c1\"><strong>Fab\u00e9 Mamadou OUATTARA<\/strong><\/p>\n<hr\/>\n<p>\u00abCeux qui veulent d\u00e9truire ce pays n\u2019y parviendront pas\u00bb, Christophe Joseph Marie Dabir\u00e9<br \/>Le Premier ministre, Christophe Joseph Marie Dabir\u00e9, a \u00e9t\u00e9 interpell\u00e9 sur le contraste entre son appel au civisme alors que certains agents publics refusent apparemment le travail. Voici sa r\u00e9ponse\u00a0:\u00a0\u00abCeux qui veulent d\u00e9truire ce pays n\u2019y parviendront pas. La r\u00e9silience du Burkinab\u00e8 est extraordinaire. De par le pass\u00e9, nous avons connu beaucoup de difficult\u00e9s. Des gens ont pens\u00e9 que le pays allait sombrer dans le n\u00e9ant, mais nous avons pu nous donner la main pour \u00e9merger et continuer d\u2019avancer.<\/p>\n<p>Il y a quelques-uns qui, pour des raisons que nous ignorons, veulent d\u00e9truire les finances du pays, mais nous leur disons qu\u2019il faut qu\u2019ils reviennent \u00e0 la raison parce que ce sont tous les Burkinab\u00e8 qui vivent les difficult\u00e9s et l\u2019ins\u00e9curit\u00e9 au niveau national. Nous devons nous donner la main. Il n\u2019y a pas de probl\u00e8me sans solution. Refuser de discuter revient \u00e0 dire que nous allons vers une confrontation violente et nous ne souhaitons pas qu\u2019il en soit ainsi. Je les invite \u00e0 faire en sorte qu\u2019avec le gouvernement, on puisse trouver la meilleure solution qui serve l\u2019int\u00e9r\u00eat national plut\u00f4t que les int\u00e9r\u00eats individuels\u00bb.<\/p>\n<p class=\"c1\"><strong>Propos recueillis par F.M.O.<\/strong><\/p>\n<div class=\"td-a-rec td-a-rec-id-content_bottom td_uid_31_5cb106acf3339_rand td_block_template_1\"><img loading=\"lazy\" decoding=\"async\" class=\"alignright size-full wp-image-1724\" src=\"https:\/\/www.sidwaya.info\/wp-content\/uploads\/2018\/12\/sidwaya-pub.jpg\" alt=\"\" width=\"720\" height=\"90\"\/><\/div>\n<p>Auteur: JK. Sidwaya<br \/>\n<a href=\"https:\/\/www.sidwaya.info\/blog\/2019\/04\/12\/commemoration-du-centenaire-du-burkina-le-premier-ministre-communie-avec-les-eleves-du-lycee-zinda\/\">Cliquez ici pour lire l&rsquo;article depuis sa source.<\/a><\/p>\n","protected":false},"excerpt":{"rendered":"<p>Le chef du gouvernement, Christophe Joseph Marie Dabir\u00e9 \u00e0 la jeunesse burkinab\u00e8\u00a0:\u00a0\u00abnous travaillerons, malgr\u00e9 toutes les difficult\u00e9s afin que vous puissiez b\u00e9n\u00e9ficier d\u2019un minimum de confort pour faire des \u00e9tudes dans les meilleures conditions possibles\u00bb Dans le cadre des activit\u00e9s comm\u00e9moratives du centenaire de la cr\u00e9ation de la Haute-Volta, actuel Burkina Faso, le Premier ministre, [&hellip;]<\/p>\n","protected":false},"author":1816,"featured_media":0,"comment_status":"closed","ping_status":"closed","sticky":false,"template":"","format":"standard","meta":{"fifu_image_url":"","fifu_image_alt":"","footnotes":""},"categories":[73,81],"tags":[],"class_list":["post-27509","post","type-post","status-publish","format-standard","hentry","category-actualite","category-burkina-faso"],"_links":{"self":[{"href":"https:\/\/linitiative.ca\/International\/wp-json\/wp\/v2\/posts\/27509","targetHints":{"allow":["GET"]}}],"collection":[{"href":"https:\/\/linitiative.ca\/International\/wp-json\/wp\/v2\/posts"}],"about":[{"href":"https:\/\/linitiative.ca\/International\/wp-json\/wp\/v2\/types\/post"}],"author":[{"embeddable":true,"href":"https:\/\/linitiative.ca\/International\/wp-json\/wp\/v2\/users\/1816"}],"replies":[{"embeddable":true,"href":"https:\/\/linitiative.ca\/International\/wp-json\/wp\/v2\/comments?post=27509"}],"version-history":[{"count":0,"href":"https:\/\/linitiative.ca\/International\/wp-json\/wp\/v2\/posts\/27509\/revisions"}],"wp:attachment":[{"href":"https:\/\/linitiative.ca\/International\/wp-json\/wp\/v2\/media?parent=27509"}],"wp:term":[{"taxonomy":"category","embeddable":true,"href":"https:\/\/linitiative.ca\/International\/wp-json\/wp\/v2\/categories?post=27509"},{"taxonomy":"post_tag","embeddable":true,"href":"https:\/\/linitiative.ca\/International\/wp-json\/wp\/v2\/tags?post=27509"}],"curies":[{"name":"wp","href":"https:\/\/api.w.org\/{rel}","templated":true}]}}