{"id":27510,"date":"2019-04-11T21:20:33","date_gmt":"2019-04-12T01:20:33","guid":{"rendered":"https:\/\/linitiative.ca\/International\/projet-emplois-jeunes-la-banque-mondiale-vient-a-linformation\/"},"modified":"2019-04-11T21:20:33","modified_gmt":"2019-04-12T01:20:33","slug":"projet-emplois-jeunes-la-banque-mondiale-vient-a-linformation","status":"publish","type":"post","link":"https:\/\/linitiative.ca\/International\/projet-emplois-jeunes-la-banque-mondiale-vient-a-linformation\/","title":{"rendered":"Projet \u00abemplois jeunes\u00bb : La Banque mondiale vient \u00e0 l\u2019information"},"content":{"rendered":"<div class=\"td-post-featured-image\" readability=\"32\"><a href=\"https:\/\/i2.wp.com\/www.sidwaya.info\/wp-content\/uploads\/2019\/04\/bm1.jpg?fit=787%2C525&#038;ssl=1\" data-caption=\"Un b\u00e9n\u00e9ficiaire recevant son attestation de reconnaissance d\u2019un officiel.\"><img loading=\"lazy\" decoding=\"async\" width=\"696\" height=\"464\" class=\"entry-thumb td-modal-image\" src=\"https:\/\/i2.wp.com\/www.sidwaya.info\/wp-content\/uploads\/2019\/04\/bm1.jpg?resize=696%2C464&#038;ssl=1\" srcset=\"https:\/\/i2.wp.com\/www.sidwaya.info\/wp-content\/uploads\/2019\/04\/bm1.jpg?w=787&#038;ssl=1 787w, https:\/\/i2.wp.com\/www.sidwaya.info\/wp-content\/uploads\/2019\/04\/bm1.jpg?resize=300%2C200&#038;ssl=1 300w, https:\/\/i2.wp.com\/www.sidwaya.info\/wp-content\/uploads\/2019\/04\/bm1.jpg?resize=768%2C512&#038;ssl=1 768w, https:\/\/i2.wp.com\/www.sidwaya.info\/wp-content\/uploads\/2019\/04\/bm1.jpg?resize=696%2C464&#038;ssl=1 696w, https:\/\/i2.wp.com\/www.sidwaya.info\/wp-content\/uploads\/2019\/04\/bm1.jpg?resize=630%2C420&#038;ssl=1 630w\" sizes=\"auto, (max-width: 696px) 100vw, 696px\" alt=\"\" title=\"bm1\"\/><\/a>Un b\u00e9n\u00e9ficiaire recevant son attestation de reconnaissance d\u2019un officiel.<\/div>\n<div class=\"td-a-rec td-a-rec-id-content_top td_uid_30_5cb106b02382d_rand td_block_template_1\"><img loading=\"lazy\" decoding=\"async\" class=\"aligncenter size-full wp-image-4463\" src=\"https:\/\/www.sidwaya.info\/wp-content\/uploads\/2019\/02\/FESPACO-TOUR-2019-Bannie%CC%80re-728x90-1.jpg\" alt=\"\" width=\"728\" height=\"90\"\/><\/div>\n<p><strong>La Chambre des m\u00e9tiers et de l\u2019artisanat du Burkina Faso et la Banque mondiale ont effectu\u00e9 une mission conjointe de supervision des activit\u00e9s de la composante 2.2 du \u00abProjet emplois des jeunes et d\u00e9veloppement des comp\u00e9tences\u00bb, les 9 et 10 avril 2019 \u00e0 Ouagadougou.<\/strong><\/p>\n<p>\u00abLe Projet emplois des jeunes et d\u00e9veloppement des comp\u00e9tences (PEJDC)\u00bb, financ\u00e9 par la Banque mondiale \u00e0 25 milliards de francs CFA pour la p\u00e9riode 2014-2018 suit son cours. La composante 2.2 \u00abprogramme de formation par apprentissage\u00bb dudit projet dont l\u2019ex\u00e9cution est \u00e0 la charge de la Chambre des m\u00e9tiers et de l\u2019artisanat du Burkina Faso (CMA-BF) a fait le bilan de ses activit\u00e9s, les 9 et 10 avril 2019 \u00e0 Ouagadougou, \u00e0 l\u2019occasion d\u2019une mission de supervision de la Banque mondiale au Burkina Faso.<\/p>\n<p>A entendre le pr\u00e9sident de CMA-BF, Jacques S\u00e9d\u00e9go, des r\u00e9sultats satisfaisants ont \u00e9t\u00e9 enregistr\u00e9s aux termes du projet. \u00abSur 3 471 jeunes, initialement retenus pour la formation par apprentissage dans les domaines de coupe-couture, coiffure, m\u00e9canique, \u00e9lectricit\u00e9-b\u00e2timent, soudure, menuiserie etc. 2 917 apprentis- b\u00e9n\u00e9ficiaires dont 1350 filles, (soit 554 abandons) sont maintenant aptes pour le monde du travail, soit en cr\u00e9ant leurs propres ateliers, soit en \u00e9tant employ\u00e9s dans des entreprises artisanales\u00bb, s\u2019est-il r\u00e9joui.<\/p>\n<p>Selon le rapport, les abandons sont dus \u00e0 plusieurs facteurs dont le retard dans le paiement des allocations, l\u2019orpaillage dans certaines localit\u00e9s, et d\u2019autres faits culturels tels les mariages et aussi les grossesses non d\u00e9sir\u00e9es. En d\u00e9pit de cela, il est ressorti que 97% des apprenants ont affirm\u00e9 \u00eatre satisfaits de la formation re\u00e7ue. \u00abCe projet m\u2019a beaucoup apport\u00e9. Le d\u00e9but \u00e9tait difficile.<\/p>\n<p><img loading=\"lazy\" decoding=\"async\" class=\"size-medium wp-image-6780\" src=\"https:\/\/i1.wp.com\/www.sidwaya.info\/wp-content\/uploads\/2019\/04\/bm.jpg?resize=300%2C242&#038;ssl=1\" alt=\"\" width=\"300\" height=\"242\" srcset=\"https:\/\/i1.wp.com\/www.sidwaya.info\/wp-content\/uploads\/2019\/04\/bm.jpg?resize=300%2C242&#038;ssl=1 300w, https:\/\/i1.wp.com\/www.sidwaya.info\/wp-content\/uploads\/2019\/04\/bm.jpg?resize=520%2C420&#038;ssl=1 520w, https:\/\/i1.wp.com\/www.sidwaya.info\/wp-content\/uploads\/2019\/04\/bm.jpg?w=525&#038;ssl=1 525w\" sizes=\"auto, (max-width: 300px) 100vw, 300px\" data-recalc-dims=\"1\"\/>La charg\u00e9e du projet \u00e0 la Banque mondiale, Rebecca Grun, s\u2019est dit satisfaite des progr\u00e8s enregistr\u00e9s dans la mise en \u0153uvre du programme.<\/p>\n<p>Avec les pr\u00e9jug\u00e9s selon lesquels, c\u2019est un domaine r\u00e9serv\u00e9 aux hommes, je ne savais pas que j\u2019allais y arriver. Mais, avec le temps, je me suis am\u00e9lior\u00e9e et aujourd\u2019hui je sais comment alimenter une maison en \u00e9lectricit\u00e9\u00bb, s\u2019est f\u00e9licit\u00e9e Monica Bayala, apprentie en \u00e9lectricit\u00e9- b\u00e2timent et \u00e9nergie solaire.<\/p>\n<p>Dans le m\u00eame ordre d\u2019id\u00e9es, son \u00abcoll\u00e8gue\u00bb Abdoul Aziz Ou\u00e9draogo, a salu\u00e9 le projet et remerci\u00e9 les responsables en ce sens qu\u2019il lui a permis de se retirer d\u2019un site d\u2019orpaillage au Mali et apprendre un m\u00e9tier dont il jouit d\u00e9j\u00e0 des retomb\u00e9es. En plus de la formation des jeunes, le projet a permis de renforcer les capacit\u00e9s d\u2019environ 1\u00a0100 maitres d\u2019apprentissage et aussi de pr\u00e9senter 325 apprentis au Certificat de qualification professionnelle (CQP) session 2018.<\/p>\n<p>En plus de ces r\u00e9sultats, un centre de formation en b\u00e2timent et travaux publics et un autre en agroalimentaire-tourisme-h\u00f4tellerie sont en construction \u00e0 Ouaga-inter dont le taux d\u2019ex\u00e9cution est d\u2019environ 60%. \u00abLa construction de ces infrastructures dont la capacit\u00e9 d\u2019accueil pr\u00e9visionnel est de 100 jeunes par section rel\u00e8ve de la Chambre de commerce et d\u2019industrie du Burkina Faso (CCI-BF) et le projet l\u2019accompagne pour leur \u00e9quipement et fonctionnement\u00bb, a pr\u00e9cis\u00e9 le pr\u00e9sident de la mission, Boureima Nabaloum, par ailleurs charg\u00e9 d\u2019\u00e9tudes au minist\u00e8re en charge de la jeunesse.<\/p>\n<p>Et la directrice g\u00e9n\u00e9rale adjointe de la CCCI-BF, Patricia Badolo, d\u2019appuyer qu\u2019ils sont \u00e0 pied d\u2019\u0153uvre pour que les entreprises respectent le d\u00e9lai des travaux fix\u00e9s en fin juin 2019 afin que la rentr\u00e9e pr\u00e9vue pour le mois d\u2019octobre soit une r\u00e9alit\u00e9. Quant \u00e0 la charg\u00e9e du projet \u00e0 la Banque mondiale, Rebecca Grun, elle s\u2019est dit satisfaite. \u00abDans la cr\u00e9ation d\u2019emplois temporaires pour les jeunes, le projet a atteint toutes ces cibles et m\u00eame d\u00e9passer certaines. Il y a \u00e9galement qu\u2019il enregistre un tr\u00e8s bon progr\u00e8s au niveau des travaux d\u2019o\u00f9 notre satisfecit en g\u00e9n\u00e9ral\u00bb, s\u2019est exprim\u00e9e Mme Grun. Par ailleurs, elle a annonc\u00e9 que ledit programme pr\u00e9vu pour prendre fin en 2018 a \u00e9t\u00e9 prorog\u00e9 jusqu\u2019en fin 2019.<\/p>\n<p class=\"c1\"><strong>Kadi RABO<\/strong><\/p>\n<div class=\"td-a-rec td-a-rec-id-content_bottom td_uid_31_5cb106b023aab_rand td_block_template_1\"><img loading=\"lazy\" decoding=\"async\" class=\"alignright size-full wp-image-1724\" src=\"https:\/\/www.sidwaya.info\/wp-content\/uploads\/2018\/12\/sidwaya-pub.jpg\" alt=\"\" width=\"720\" height=\"90\"\/><\/div>\n<p>Auteur: JK. Sidwaya<br \/>\n<a href=\"https:\/\/www.sidwaya.info\/blog\/2019\/04\/12\/projet-emplois-jeunes-la-banque-mondiale-vient-a-linformation\/\">Cliquez ici pour lire l&rsquo;article depuis sa source.<\/a><\/p>\n","protected":false},"excerpt":{"rendered":"<p>Un b\u00e9n\u00e9ficiaire recevant son attestation de reconnaissance d\u2019un officiel. La Chambre des m\u00e9tiers et de l\u2019artisanat du Burkina Faso et la Banque mondiale ont effectu\u00e9 une mission conjointe de supervision des activit\u00e9s de la composante 2.2 du \u00abProjet emplois des jeunes et d\u00e9veloppement des comp\u00e9tences\u00bb, les 9 et 10 avril 2019 \u00e0 Ouagadougou. \u00abLe Projet [&hellip;]<\/p>\n","protected":false},"author":1816,"featured_media":0,"comment_status":"closed","ping_status":"closed","sticky":false,"template":"","format":"standard","meta":{"fifu_image_url":"","fifu_image_alt":"","footnotes":""},"categories":[73,81],"tags":[],"class_list":["post-27510","post","type-post","status-publish","format-standard","hentry","category-actualite","category-burkina-faso"],"_links":{"self":[{"href":"https:\/\/linitiative.ca\/International\/wp-json\/wp\/v2\/posts\/27510","targetHints":{"allow":["GET"]}}],"collection":[{"href":"https:\/\/linitiative.ca\/International\/wp-json\/wp\/v2\/posts"}],"about":[{"href":"https:\/\/linitiative.ca\/International\/wp-json\/wp\/v2\/types\/post"}],"author":[{"embeddable":true,"href":"https:\/\/linitiative.ca\/International\/wp-json\/wp\/v2\/users\/1816"}],"replies":[{"embeddable":true,"href":"https:\/\/linitiative.ca\/International\/wp-json\/wp\/v2\/comments?post=27510"}],"version-history":[{"count":0,"href":"https:\/\/linitiative.ca\/International\/wp-json\/wp\/v2\/posts\/27510\/revisions"}],"wp:attachment":[{"href":"https:\/\/linitiative.ca\/International\/wp-json\/wp\/v2\/media?parent=27510"}],"wp:term":[{"taxonomy":"category","embeddable":true,"href":"https:\/\/linitiative.ca\/International\/wp-json\/wp\/v2\/categories?post=27510"},{"taxonomy":"post_tag","embeddable":true,"href":"https:\/\/linitiative.ca\/International\/wp-json\/wp\/v2\/tags?post=27510"}],"curies":[{"name":"wp","href":"https:\/\/api.w.org\/{rel}","templated":true}]}}