{"id":27512,"date":"2019-04-11T21:32:24","date_gmt":"2019-04-12T01:32:24","guid":{"rendered":"https:\/\/linitiative.ca\/International\/rehabilitation-de-la-route-en-terre-les-travaux-lances-a-larrondissement-n2-de-ouagadougou\/"},"modified":"2019-04-11T21:32:24","modified_gmt":"2019-04-12T01:32:24","slug":"rehabilitation-de-la-route-en-terre-les-travaux-lances-a-larrondissement-n2-de-ouagadougou","status":"publish","type":"post","link":"https:\/\/linitiative.ca\/International\/rehabilitation-de-la-route-en-terre-les-travaux-lances-a-larrondissement-n2-de-ouagadougou\/","title":{"rendered":"R\u00e9habilitation de la route en terre: Les travaux lanc\u00e9s \u00e0 l\u2019arrondissement n\u00b02  de Ouagadougou"},"content":{"rendered":"<div class=\"td-post-featured-image\" readability=\"36\"><a href=\"https:\/\/i2.wp.com\/www.sidwaya.info\/wp-content\/uploads\/2019\/04\/ouaga.jpg?fit=787%2C640&#038;ssl=1\" data-caption=\"Le maire de l\u2019arrondissement n\u00b02 de Ouagadougou,\u00a0 Lassan\u00e9 Pierre Yanogo, a demand\u00e9 l\u2019indulgence des usagers et des populations riveraines pour les d\u00e9sagr\u00e9ments qui pourraient survenir lors des travaux.\"><img loading=\"lazy\" decoding=\"async\" width=\"696\" height=\"566\" class=\"entry-thumb td-modal-image\" src=\"https:\/\/i2.wp.com\/www.sidwaya.info\/wp-content\/uploads\/2019\/04\/ouaga.jpg?resize=696%2C566&#038;ssl=1\" srcset=\"https:\/\/i2.wp.com\/www.sidwaya.info\/wp-content\/uploads\/2019\/04\/ouaga.jpg?w=787&#038;ssl=1 787w, https:\/\/i2.wp.com\/www.sidwaya.info\/wp-content\/uploads\/2019\/04\/ouaga.jpg?resize=300%2C244&#038;ssl=1 300w, https:\/\/i2.wp.com\/www.sidwaya.info\/wp-content\/uploads\/2019\/04\/ouaga.jpg?resize=768%2C625&#038;ssl=1 768w, https:\/\/i2.wp.com\/www.sidwaya.info\/wp-content\/uploads\/2019\/04\/ouaga.jpg?resize=696%2C566&#038;ssl=1 696w, https:\/\/i2.wp.com\/www.sidwaya.info\/wp-content\/uploads\/2019\/04\/ouaga.jpg?resize=516%2C420&#038;ssl=1 516w\" sizes=\"auto, (max-width: 696px) 100vw, 696px\" alt=\"\" title=\"ouaga\"\/><\/a>Le maire de l\u2019arrondissement n\u00b02 de Ouagadougou,\u00a0 Lassan\u00e9 Pierre Yanogo, a demand\u00e9 l\u2019indulgence des usagers et des populations riveraines pour les d\u00e9sagr\u00e9ments qui pourraient survenir lors des travaux.<\/div>\n<div class=\"td-a-rec td-a-rec-id-content_top td_uid_30_5cb106b77af8d_rand td_block_template_1\"><img loading=\"lazy\" decoding=\"async\" class=\"aligncenter size-full wp-image-4463\" src=\"https:\/\/www.sidwaya.info\/wp-content\/uploads\/2019\/02\/FESPACO-TOUR-2019-Bannie%CC%80re-728x90-1.jpg\" alt=\"\" width=\"728\" height=\"90\"\/><\/div>\n<p><strong>Le maire de la commune de Ouagadougou, Armand Roland Pierre B\u00e9ouind\u00e9, a lanc\u00e9 les travaux d\u2019entretien de route en terre dans l\u2019arrondissement n\u00b02 de la capitale, le vendredi 5 avril 2019.<\/strong><\/p>\n<p>Certaines voies \u00e0 Ouagadougou sont impraticables, surtout pendant la saison pluvieuse o\u00f9 les usagers vivent un calvaire au quotidien, notamment \u00e0 l\u2019arrondissement n\u00b02. Pour faciliter un tant soit peu, la mobilit\u00e9 des usagers de ces voies, le maire de Ouagadougou, Armand Pierre Beouind\u00e9, a lanc\u00e9 le vendredi 5 avril 2019, les travaux d\u2019entretien de route en terre de l\u2019arrondissement.<\/p>\n<p>Selon l\u2019\u00e9dile de la ville, les travaux vont concerner le reprofilage des rues n\u00b0 10.34, 3.55 et 12.25 de l\u2019arrondissement soit, une longueur totale de 1,8 km. Pour le maire de l\u2019arrondissement n\u00b02 de Ouagadougou, Lassan\u00e9 Pierre Yanogo, les travaux consistent \u00e0 faire un d\u00e9capage de la mauvaise terre qui existe sur ces voies puis \u00e0 faire un rechargement en terre lat\u00e9ritique sur une \u00e9paisseur de 15 cm et compacter.<\/p>\n<p>Il sera \u00e9galement am\u00e9nag\u00e9 des foss\u00e9s pour drainer l\u2019eau de pluie pendant l\u2019hivernage. Lassan\u00e9 Pierre Yanogo a confirm\u00e9 que l\u2019entreprise Mondial TRANSCO\u00a0 qui a en charge les travaux, a promis de boucler les travaux dans un mois. \u00abLes d\u00e9sagr\u00e9ments ne manqueront pas pendant toute la p\u00e9riode des travaux, j\u2019appelle les riverains \u00e0 la collaboration pour une bonne ex\u00e9cution des travaux\u00bb, a-t-il averti. S<\/p>\n<p>elon le bourgmestre de la capitale, c\u2019est au total 18 km de routes qui sont concern\u00e9s par les travaux dans l\u2019ensemble de la commune de Ouagadougou. Il a par ailleurs annonc\u00e9 que des appels d\u2019offres seront lanc\u00e9s pour la r\u00e9habilitation de 254 km de voirie dans la ville de Ouagadougou. Il a rappel\u00e9 que ces travaux entrent dans le cadre du deuxi\u00e8me volet du programme de mobilit\u00e9 relatif au renforcement des infrastructures routi\u00e8res.<\/p>\n<p class=\"c1\"><strong>Mariam T HEMA<\/strong><\/p>\n<div class=\"td-a-rec td-a-rec-id-content_bottom td_uid_31_5cb106b77b1a5_rand td_block_template_1\"><img loading=\"lazy\" decoding=\"async\" class=\"alignright size-full wp-image-1724\" src=\"https:\/\/www.sidwaya.info\/wp-content\/uploads\/2018\/12\/sidwaya-pub.jpg\" alt=\"\" width=\"720\" height=\"90\"\/><\/div>\n<p>Auteur: JK. Sidwaya<br \/>\n<a href=\"https:\/\/www.sidwaya.info\/blog\/2019\/04\/12\/rehabilitation-de-la-route-en-terre-les-travaux-lances-a-larrondissement-n2-de-ouagadougou-2\/\">Cliquez ici pour lire l&rsquo;article depuis sa source.<\/a><\/p>\n","protected":false},"excerpt":{"rendered":"<p>Le maire de l\u2019arrondissement n\u00b02 de Ouagadougou,\u00a0 Lassan\u00e9 Pierre Yanogo, a demand\u00e9 l\u2019indulgence des usagers et des populations riveraines pour les d\u00e9sagr\u00e9ments qui pourraient survenir lors des travaux. Le maire de la commune de Ouagadougou, Armand Roland Pierre B\u00e9ouind\u00e9, a lanc\u00e9 les travaux d\u2019entretien de route en terre dans l\u2019arrondissement n\u00b02 de la capitale, le [&hellip;]<\/p>\n","protected":false},"author":1816,"featured_media":0,"comment_status":"closed","ping_status":"closed","sticky":false,"template":"","format":"standard","meta":{"fifu_image_url":"","fifu_image_alt":"","footnotes":""},"categories":[73,81],"tags":[],"class_list":["post-27512","post","type-post","status-publish","format-standard","hentry","category-actualite","category-burkina-faso"],"_links":{"self":[{"href":"https:\/\/linitiative.ca\/International\/wp-json\/wp\/v2\/posts\/27512","targetHints":{"allow":["GET"]}}],"collection":[{"href":"https:\/\/linitiative.ca\/International\/wp-json\/wp\/v2\/posts"}],"about":[{"href":"https:\/\/linitiative.ca\/International\/wp-json\/wp\/v2\/types\/post"}],"author":[{"embeddable":true,"href":"https:\/\/linitiative.ca\/International\/wp-json\/wp\/v2\/users\/1816"}],"replies":[{"embeddable":true,"href":"https:\/\/linitiative.ca\/International\/wp-json\/wp\/v2\/comments?post=27512"}],"version-history":[{"count":0,"href":"https:\/\/linitiative.ca\/International\/wp-json\/wp\/v2\/posts\/27512\/revisions"}],"wp:attachment":[{"href":"https:\/\/linitiative.ca\/International\/wp-json\/wp\/v2\/media?parent=27512"}],"wp:term":[{"taxonomy":"category","embeddable":true,"href":"https:\/\/linitiative.ca\/International\/wp-json\/wp\/v2\/categories?post=27512"},{"taxonomy":"post_tag","embeddable":true,"href":"https:\/\/linitiative.ca\/International\/wp-json\/wp\/v2\/tags?post=27512"}],"curies":[{"name":"wp","href":"https:\/\/api.w.org\/{rel}","templated":true}]}}