{"id":27513,"date":"2019-04-11T21:39:12","date_gmt":"2019-04-12T01:39:12","guid":{"rendered":"https:\/\/linitiative.ca\/International\/valorisation-du-faso-danfani-talents-de-mode-veut-apporter-sa-contribution\/"},"modified":"2019-04-11T21:39:12","modified_gmt":"2019-04-12T01:39:12","slug":"valorisation-du-faso-danfani-talents-de-mode-veut-apporter-sa-contribution","status":"publish","type":"post","link":"https:\/\/linitiative.ca\/International\/valorisation-du-faso-danfani-talents-de-mode-veut-apporter-sa-contribution\/","title":{"rendered":"Valorisation du Faso Danfani : \u201cTalents de mode\u201d veut apporter sa contribution"},"content":{"rendered":"<div class=\"td-post-featured-image\" readability=\"34\"><a href=\"https:\/\/i1.wp.com\/www.sidwaya.info\/wp-content\/uploads\/2019\/04\/fasof.jpg?fit=776%2C521&#038;ssl=1\" data-caption=\"Le promoteur de Talents de mode, Ma\u00eetre Pierre Yam\u00e9ogo (milieu) : \"Notre ambition est d'apporter notre contribution dans la promotion du Faso Danfani\".\"><img loading=\"lazy\" decoding=\"async\" width=\"696\" height=\"467\" class=\"entry-thumb td-modal-image\" src=\"https:\/\/i1.wp.com\/www.sidwaya.info\/wp-content\/uploads\/2019\/04\/fasof.jpg?resize=696%2C467&#038;ssl=1\" srcset=\"https:\/\/i1.wp.com\/www.sidwaya.info\/wp-content\/uploads\/2019\/04\/fasof.jpg?w=776&#038;ssl=1 776w, https:\/\/i1.wp.com\/www.sidwaya.info\/wp-content\/uploads\/2019\/04\/fasof.jpg?resize=300%2C201&#038;ssl=1 300w, https:\/\/i1.wp.com\/www.sidwaya.info\/wp-content\/uploads\/2019\/04\/fasof.jpg?resize=768%2C516&#038;ssl=1 768w, https:\/\/i1.wp.com\/www.sidwaya.info\/wp-content\/uploads\/2019\/04\/fasof.jpg?resize=696%2C467&#038;ssl=1 696w, https:\/\/i1.wp.com\/www.sidwaya.info\/wp-content\/uploads\/2019\/04\/fasof.jpg?resize=626%2C420&#038;ssl=1 626w\" sizes=\"auto, (max-width: 696px) 100vw, 696px\" alt=\"\" title=\"fasof\"\/><\/a>Le promoteur de Talents de mode, Ma\u00eetre Pierre Yam\u00e9ogo (milieu) : \u00ab\u00a0Notre ambition est d&rsquo;apporter notre contribution dans la promotion du Faso Danfani\u00a0\u00bb.<\/div>\n<div class=\"td-a-rec td-a-rec-id-content_top td_uid_30_5cb106bb79bd2_rand td_block_template_1\"><img loading=\"lazy\" decoding=\"async\" class=\"aligncenter size-full wp-image-4463\" src=\"https:\/\/www.sidwaya.info\/wp-content\/uploads\/2019\/02\/FESPACO-TOUR-2019-Bannie%CC%80re-728x90-1.jpg\" alt=\"\" width=\"728\" height=\"90\"\/><\/div>\n<p><strong>La premi\u00e8re \u00e9dition de \u2019\u2019Talents de mode\u2019\u2019 aura lieu, le samedi 13 avril 2019 \u00e0 Koudougou. En pr\u00e9lude \u00e0 l\u2019\u00e9v\u00e9nement, les organisateurs ont anim\u00e9, le mardi 9 avril 2019 dans la Cit\u00e9 du Cavalier rouge, une conf\u00e9rence de presse pour pr\u00e9senter les grandes lignes de la manifestation.<\/strong><\/p>\n<p>Fondateur du centre de formation Boudassida de Koudougou, Ma\u00eetre Pierre Yam\u00e9ogo entend apporter sa touche dans la promotion du Faso Danfani au Burkina Faso, et dans le Centre-Ouest, en particulier. Il organise, \u00e0 cet effet, le samedi 13 avril 2019 \u00e0 Koudougou, la premi\u00e8re \u00e9dition de Talents de mode, sous le th\u00e8me \u00abPromotion et valorisation du Faso Danfani\u00bb.<\/p>\n<p>L\u2019information a \u00e9t\u00e9 donn\u00e9e, le mardi 9 avril 2019, aux hommes et femmes de m\u00e9dias au cours d\u2019une conf\u00e9rence de presse dans la Cit\u00e9 du cavalier rouge. Selon le promoteur, l\u2019objectif principal est de promouvoir et de faire d\u00e9couvrir des jeunes talents de la r\u00e9gion du Centre-Ouest afin de permettre un partage d\u2019exp\u00e9riences.<\/p>\n<p>Il s\u2019agira, entre autres, a-t-il poursuivi, de renforcer, \u00e0 l\u2019occasion de cet \u00e9v\u00e9nement, les capacit\u00e9s des jeunes dans le domaine de l\u2019art vestimentaire, de rendre leurs produits plus comp\u00e9titifs sur le march\u00e9, de favoriser la visibilit\u00e9 et l\u2019augmentation de leurs chiffres d\u2019affaires et la qualit\u00e9 de leurs produits.<\/p>\n<p>Les activit\u00e9s pr\u00e9vues au cours de la manifestation, a-t-il pr\u00e9cis\u00e9, sont une prise de contact entre les acteurs du milieu exer\u00e7ant dans la r\u00e9gion du Centre-Ouest et ceux issus des provinces invit\u00e9es, l\u2019organisation d\u2019une journ\u00e9e d\u2019\u00e9changes sur le m\u00e9tier de la coupe couture, la grande soir\u00e9e de d\u00e9fil\u00e9 de mode \u00e0 la place de la Nation d\u00e9nomm\u00e9e Nuit du Faso Danfani et qui sera le clou de la manifestation avec en toile de fond, des prestations d\u2019artistes.<\/p>\n<p>\u00abTalents de mode 2019\u00bb est soutenue par de nombreuses personnalit\u00e9s politiques et culturelles. L\u2019invit\u00e9 d\u2019honneur de ce premier rendez-vous est, selon M. Yam\u00e9ogo, Sa Majest\u00e9 le Larl\u00e9 Naaba Tigr\u00e9.<\/p>\n<p class=\"c1\"><strong>Fran\u00e7ois KABORE<\/strong><\/p>\n<div class=\"td-a-rec td-a-rec-id-content_bottom td_uid_31_5cb106bb79e11_rand td_block_template_1\"><img loading=\"lazy\" decoding=\"async\" class=\"alignright size-full wp-image-1724\" src=\"https:\/\/www.sidwaya.info\/wp-content\/uploads\/2018\/12\/sidwaya-pub.jpg\" alt=\"\" width=\"720\" height=\"90\"\/><\/div>\n<p>Auteur: JK. Sidwaya<br \/>\n<a href=\"https:\/\/www.sidwaya.info\/blog\/2019\/04\/12\/valorisation-du-faso-danfani-talents-de-mode-veut-apporter-sa-contribution\/\">Cliquez ici pour lire l&rsquo;article depuis sa source.<\/a><\/p>\n","protected":false},"excerpt":{"rendered":"","protected":false},"author":1816,"featured_media":0,"comment_status":"closed","ping_status":"closed","sticky":false,"template":"","format":"standard","meta":{"fifu_image_url":"","fifu_image_alt":"","footnotes":""},"categories":[73,81],"tags":[],"class_list":["post-27513","post","type-post","status-publish","format-standard","hentry","category-actualite","category-burkina-faso"],"_links":{"self":[{"href":"https:\/\/linitiative.ca\/International\/wp-json\/wp\/v2\/posts\/27513","targetHints":{"allow":["GET"]}}],"collection":[{"href":"https:\/\/linitiative.ca\/International\/wp-json\/wp\/v2\/posts"}],"about":[{"href":"https:\/\/linitiative.ca\/International\/wp-json\/wp\/v2\/types\/post"}],"author":[{"embeddable":true,"href":"https:\/\/linitiative.ca\/International\/wp-json\/wp\/v2\/users\/1816"}],"replies":[{"embeddable":true,"href":"https:\/\/linitiative.ca\/International\/wp-json\/wp\/v2\/comments?post=27513"}],"version-history":[{"count":0,"href":"https:\/\/linitiative.ca\/International\/wp-json\/wp\/v2\/posts\/27513\/revisions"}],"wp:attachment":[{"href":"https:\/\/linitiative.ca\/International\/wp-json\/wp\/v2\/media?parent=27513"}],"wp:term":[{"taxonomy":"category","embeddable":true,"href":"https:\/\/linitiative.ca\/International\/wp-json\/wp\/v2\/categories?post=27513"},{"taxonomy":"post_tag","embeddable":true,"href":"https:\/\/linitiative.ca\/International\/wp-json\/wp\/v2\/tags?post=27513"}],"curies":[{"name":"wp","href":"https:\/\/api.w.org\/{rel}","templated":true}]}}