{"id":27515,"date":"2019-04-11T21:46:00","date_gmt":"2019-04-12T01:46:00","guid":{"rendered":"https:\/\/linitiative.ca\/International\/financement-des-infrastructures-routieres-la-bad-se-dit-leader-au-burkina\/"},"modified":"2019-04-11T21:46:00","modified_gmt":"2019-04-12T01:46:00","slug":"financement-des-infrastructures-routieres-la-bad-se-dit-leader-au-burkina","status":"publish","type":"post","link":"https:\/\/linitiative.ca\/International\/financement-des-infrastructures-routieres-la-bad-se-dit-leader-au-burkina\/","title":{"rendered":"Financement des infrastructures routi\u00e8res : La BAD se dit leader au Burkina"},"content":{"rendered":"<div class=\"td-post-featured-image\" readability=\"35\"><a href=\"https:\/\/i1.wp.com\/www.sidwaya.info\/wp-content\/uploads\/2019\/04\/bad.jpg?fit=700%2C525&#038;ssl=1\" data-caption=\"Selon le responsable- pays de la BAD, Pascal Yembeline, la strat\u00e9gie op\u00e9rationnelle du groupe au Burkina Faso repose sur le Plan national de d\u00e9veloppement \u00e9conomique et social (PNDES).\"><img loading=\"lazy\" decoding=\"async\" width=\"696\" height=\"522\" class=\"entry-thumb td-modal-image\" src=\"https:\/\/i1.wp.com\/www.sidwaya.info\/wp-content\/uploads\/2019\/04\/bad.jpg?resize=696%2C522&#038;ssl=1\" srcset=\"https:\/\/i1.wp.com\/www.sidwaya.info\/wp-content\/uploads\/2019\/04\/bad.jpg?w=700&#038;ssl=1 700w, https:\/\/i1.wp.com\/www.sidwaya.info\/wp-content\/uploads\/2019\/04\/bad.jpg?resize=300%2C225&#038;ssl=1 300w, https:\/\/i1.wp.com\/www.sidwaya.info\/wp-content\/uploads\/2019\/04\/bad.jpg?resize=80%2C60&#038;ssl=1 80w, https:\/\/i1.wp.com\/www.sidwaya.info\/wp-content\/uploads\/2019\/04\/bad.jpg?resize=265%2C198&#038;ssl=1 265w, https:\/\/i1.wp.com\/www.sidwaya.info\/wp-content\/uploads\/2019\/04\/bad.jpg?resize=696%2C522&#038;ssl=1 696w, https:\/\/i1.wp.com\/www.sidwaya.info\/wp-content\/uploads\/2019\/04\/bad.jpg?resize=560%2C420&#038;ssl=1 560w\" sizes=\"auto, (max-width: 696px) 100vw, 696px\" alt=\"\" title=\"bad\"\/><\/a>Selon le responsable- pays de la BAD, Pascal Yembeline, la strat\u00e9gie op\u00e9rationnelle du groupe au Burkina Faso repose sur le Plan national de d\u00e9veloppement \u00e9conomique et social (PNDES).<\/div>\n<div class=\"td-a-rec td-a-rec-id-content_top td_uid_30_5cb106c26da52_rand td_block_template_1\"><img loading=\"lazy\" decoding=\"async\" class=\"aligncenter size-full wp-image-4463\" src=\"https:\/\/www.sidwaya.info\/wp-content\/uploads\/2019\/02\/FESPACO-TOUR-2019-Bannie%CC%80re-728x90-1.jpg\" alt=\"\" width=\"728\" height=\"90\"\/><\/div>\n<p><strong>La Banque africaine de d\u00e9veloppement a organis\u00e9 un d\u00e9je\u00fbner de presse pour pr\u00e9senter sa mission, sa strat\u00e9gie op\u00e9rationnelle et son portefeuille, le jeudi 11 avril 2019, \u00e0 Ouagadougou.<\/strong><\/p>\n<p>Le Groupe de la Banque africaine de d\u00e9veloppement (BAD) veut faire conna\u00eetre sa mission, sa strat\u00e9gie et son portefeuille au Burkina Faso. A cet effet, il s\u2019est entretenu avec les professionnels des m\u00e9dias au cours d\u2019un d\u00e9je\u00fbner de presse, le jeudi 11 avril 2019, \u00e0 son si\u00e8ge- pays \u00e0 Ouagadougou.<\/p>\n<p>Depuis sa cr\u00e9ation en 1963, la BAD s\u2019est donn\u00e9e pour mission de contribuer au d\u00e9veloppement \u00e9conomique et au progr\u00e8s social des pays africains, a indiqu\u00e9 son responsable- pays, Pascal Yembiline. Elle a pour actions principales, la mobilisation de ressources financi\u00e8res et l\u2019assistance technique aux Etats africains, a soulign\u00e9 le charg\u00e9 de programmes de la banque au Burkina Faso, Ali Ciss\u00e9.<\/p>\n<p>Depuis 1970, le financement des projets dans les secteurs prioritaires au pays des hommes int\u00e8gres par l\u2019institution se chiffre \u00e0 1 105 milliards FCFA, a-t-il fait savoir. \u00ab Ces financements ont permis la construction et la r\u00e9habilitation de 5 637 km de routes, soit le tiers du r\u00e9seau routier class\u00e9 du Burkina Faso.<\/p>\n<p>Ce qui fait du groupe, le premier bailleur de l\u2019Etat burkinab\u00e8 dans le domaine des infrastructures routi\u00e8res \u00bb, a-t-il poursuivi. Les projets financ\u00e9s ont \u00e9galement permis, entre autres, l\u2019am\u00e9nagement de 35 mille hectares de terres cultivables, l\u2019acc\u00e8s de 159 localit\u00e9s (soit environ 760 mille habitants) \u00e0 l\u2019\u00e9lectricit\u00e9, de 600 mille personnes \u00e0 l\u2019eau potable et de doter 580 mille personnes en ouvrages d\u2019assainissement familial, selon les chiffres fournis par la repr\u00e9sentation de la BAD au Burkina Faso.<\/p>\n<p>Pour ce qui est du portefeuille actif pour le Burkina, il est estim\u00e9, au 31 mars 2019, \u00e0 environ 400 milliards FCFA pour le financement de 17 projets en cours, a soulign\u00e9 M. Ciss\u00e9. Les secteurs du transport, de l\u2019\u00e9nergie et de l\u2019agriculture\/environnement consomment respectivement 51%, 18% et 15% de ces financements, a confi\u00e9 le charg\u00e9 des programmes. Quant au secteur eau et assainissement, il absorbe 8% des fonds que la BAD injecte au pays des Hommes int\u00e8gres, contre 6% pour le secteur de la gouvernance et 2%<br \/>pour celui du social, a-t-il poursuivi.<\/p>\n<h3>Taux de d\u00e9caissement satisfaisant<\/h3>\n<p><img loading=\"lazy\" decoding=\"async\" class=\"size-medium wp-image-6746\" src=\"https:\/\/i2.wp.com\/www.sidwaya.info\/wp-content\/uploads\/2019\/04\/eco3.jpg?resize=300%2C225&#038;ssl=1\" alt=\"\" width=\"300\" height=\"225\" srcset=\"https:\/\/i2.wp.com\/www.sidwaya.info\/wp-content\/uploads\/2019\/04\/eco3.jpg?resize=300%2C225&#038;ssl=1 300w, https:\/\/i2.wp.com\/www.sidwaya.info\/wp-content\/uploads\/2019\/04\/eco3.jpg?resize=768%2C576&#038;ssl=1 768w, https:\/\/i2.wp.com\/www.sidwaya.info\/wp-content\/uploads\/2019\/04\/eco3.jpg?resize=80%2C60&#038;ssl=1 80w, https:\/\/i2.wp.com\/www.sidwaya.info\/wp-content\/uploads\/2019\/04\/eco3.jpg?resize=265%2C198&#038;ssl=1 265w, https:\/\/i2.wp.com\/www.sidwaya.info\/wp-content\/uploads\/2019\/04\/eco3.jpg?resize=696%2C522&#038;ssl=1 696w, https:\/\/i2.wp.com\/www.sidwaya.info\/wp-content\/uploads\/2019\/04\/eco3.jpg?resize=560%2C420&#038;ssl=1 560w, https:\/\/i2.wp.com\/www.sidwaya.info\/wp-content\/uploads\/2019\/04\/eco3.jpg?w=800&#038;ssl=1 800w\" sizes=\"auto, (max-width: 300px) 100vw, 300px\" data-recalc-dims=\"1\"\/>Pour le charg\u00e9 de programmes, Ali Ciss\u00e9 (gauche), le financement des projets au Burkina Faso par la BAD depuis 1970 se chiffre \u00e0 1 105 milliards FCFA.<\/p>\n<p>La banque intervient \u00e9galement dans le financement des Petites et moyennes entreprises (PME) \u00e0 hauteur 35,5 milliards FCFA, \u00e0 travers des lignes de cr\u00e9dits au niveau de FIDELIS et de Coris Bank International.<\/p>\n<p>Selon Pascal Yembiline, la strat\u00e9gie op\u00e9rationnelle du groupe de la Banque africaine de d\u00e9veloppement au Burkina Faso repose sur le Plan national de d\u00e9veloppement \u00e9conomique et social (PNDES). \u00ab En accord avec le gouvernement, nous avons choisi d\u2019appuyer deux secteurs qui sont les piliers de notre strat\u00e9gie ici, \u00e0 savoir le d\u00e9veloppement agricole et celui \u00e9nerg\u00e9tique \u00bb, a-t-il pr\u00e9cis\u00e9.<\/p>\n<p>Il s\u2019est dit satisfait du niveau de r\u00e9alisation des projets financ\u00e9s. \u00ab Nous venons de faire une revue de notre portefeuille en cours. Et cette revue a conclu \u00e0 une tr\u00e8s bonne performance de nos op\u00e9rations qui se mettent en \u0153uvre globalement suivant le plan pr\u00e9vu. Plus de la moiti\u00e9 des ressources mobilis\u00e9es est d\u00e9caiss\u00e9e.<\/p>\n<p>Et nous avons un programme de travail convenu qui va permettre de d\u00e9caisser le solde restant \u00bb, s\u2019est r\u00e9joui M. Yembiline.<\/p>\n<p>Le m\u00e9canisme de suivi et l\u2019ex\u00e9cution des projets, le choix des secteurs d\u2019intervention, la priorit\u00e9 accord\u00e9e aux infrastructures routi\u00e8res, les sources de financement de la BAD, le faible financement du secteur social, le faible niveau de d\u00e9caissement des fonds, constituent entre autres, les pr\u00e9occupations soulev\u00e9es par les journalistes. Sur ce dernier point, le responsable- pays de la banque a laiss\u00e9 entendre que la responsabilit\u00e9 est souvent collective et partag\u00e9e entre l\u2019Etat, le bailleur et les entreprises prestataires.<\/p>\n<p>Quant \u00e0 l\u2019ex\u00e9cution des projets, elle est assur\u00e9e par l\u2019Etat, sous le contr\u00f4le de la BAD, a-t-il confi\u00e9. S\u2019agissant des ressources de la banque, elles proviennent des fonds qu\u2019elle mobilise \u00e0 l\u2019international \u00e0 des taux tr\u00e8s faibles, \u00e0 travers ces diff\u00e9rents guichets, a-t-il expliqu\u00e9.<\/p>\n<p class=\"c1\"><strong>Mahamadi SEBOGO<\/strong><br \/>msebogo@yahoo.fr<\/p>\n<div class=\"td-a-rec td-a-rec-id-content_bottom td_uid_31_5cb106c26dc9e_rand td_block_template_1\"><img loading=\"lazy\" decoding=\"async\" class=\"alignright size-full wp-image-1724\" src=\"https:\/\/www.sidwaya.info\/wp-content\/uploads\/2018\/12\/sidwaya-pub.jpg\" alt=\"\" width=\"720\" height=\"90\"\/><\/div>\n<p>Auteur: JK. Sidwaya<br \/>\n<a href=\"https:\/\/www.sidwaya.info\/blog\/2019\/04\/12\/financement-des-infrastructures-routieres-la-bad-se-dit-leader-au-burkina\/\">Cliquez ici pour lire l&rsquo;article depuis sa source.<\/a><\/p>\n","protected":false},"excerpt":{"rendered":"<p>Selon le responsable- pays de la BAD, Pascal Yembeline, la strat\u00e9gie op\u00e9rationnelle du groupe au Burkina Faso repose sur le Plan national de d\u00e9veloppement \u00e9conomique et social (PNDES). La Banque africaine de d\u00e9veloppement a organis\u00e9 un d\u00e9je\u00fbner de presse pour pr\u00e9senter sa mission, sa strat\u00e9gie op\u00e9rationnelle et son portefeuille, le jeudi 11 avril 2019, \u00e0 [&hellip;]<\/p>\n","protected":false},"author":1816,"featured_media":0,"comment_status":"closed","ping_status":"closed","sticky":false,"template":"","format":"standard","meta":{"fifu_image_url":"","fifu_image_alt":"","footnotes":""},"categories":[73,81],"tags":[],"class_list":["post-27515","post","type-post","status-publish","format-standard","hentry","category-actualite","category-burkina-faso"],"_links":{"self":[{"href":"https:\/\/linitiative.ca\/International\/wp-json\/wp\/v2\/posts\/27515","targetHints":{"allow":["GET"]}}],"collection":[{"href":"https:\/\/linitiative.ca\/International\/wp-json\/wp\/v2\/posts"}],"about":[{"href":"https:\/\/linitiative.ca\/International\/wp-json\/wp\/v2\/types\/post"}],"author":[{"embeddable":true,"href":"https:\/\/linitiative.ca\/International\/wp-json\/wp\/v2\/users\/1816"}],"replies":[{"embeddable":true,"href":"https:\/\/linitiative.ca\/International\/wp-json\/wp\/v2\/comments?post=27515"}],"version-history":[{"count":0,"href":"https:\/\/linitiative.ca\/International\/wp-json\/wp\/v2\/posts\/27515\/revisions"}],"wp:attachment":[{"href":"https:\/\/linitiative.ca\/International\/wp-json\/wp\/v2\/media?parent=27515"}],"wp:term":[{"taxonomy":"category","embeddable":true,"href":"https:\/\/linitiative.ca\/International\/wp-json\/wp\/v2\/categories?post=27515"},{"taxonomy":"post_tag","embeddable":true,"href":"https:\/\/linitiative.ca\/International\/wp-json\/wp\/v2\/tags?post=27515"}],"curies":[{"name":"wp","href":"https:\/\/api.w.org\/{rel}","templated":true}]}}