{"id":27516,"date":"2019-04-12T03:34:47","date_gmt":"2019-04-12T07:34:47","guid":{"rendered":"https:\/\/linitiative.ca\/International\/lutte-contre-le-terrorisme-le-burkina-signe-un-accord-avec-la-turquie\/"},"modified":"2019-04-12T03:34:47","modified_gmt":"2019-04-12T07:34:47","slug":"lutte-contre-le-terrorisme-le-burkina-signe-un-accord-avec-la-turquie","status":"publish","type":"post","link":"https:\/\/linitiative.ca\/International\/lutte-contre-le-terrorisme-le-burkina-signe-un-accord-avec-la-turquie\/","title":{"rendered":"Lutte contre le terrorisme : Le Burkina signe un accord avec la Turquie"},"content":{"rendered":"<div class=\"td-post-featured-image\" readability=\"37\"><a href=\"https:\/\/i0.wp.com\/www.sidwaya.info\/wp-content\/uploads\/2019\/04\/ankara.jpg?fit=700%2C474&#038;ssl=1\" data-caption=\"Le Pr\u00e9sident du Faso, Roch Marc Christian Kabor\u00e9, et son homologue turc, Recep Tayyip Erdogan, veulent renforcer la coop\u00e9ration entre les deux pays.\"><img loading=\"lazy\" decoding=\"async\" width=\"696\" height=\"471\" class=\"entry-thumb td-modal-image\" src=\"https:\/\/i0.wp.com\/www.sidwaya.info\/wp-content\/uploads\/2019\/04\/ankara.jpg?resize=696%2C471&#038;ssl=1\" srcset=\"https:\/\/i0.wp.com\/www.sidwaya.info\/wp-content\/uploads\/2019\/04\/ankara.jpg?w=700&#038;ssl=1 700w, https:\/\/i0.wp.com\/www.sidwaya.info\/wp-content\/uploads\/2019\/04\/ankara.jpg?resize=300%2C203&#038;ssl=1 300w, https:\/\/i0.wp.com\/www.sidwaya.info\/wp-content\/uploads\/2019\/04\/ankara.jpg?resize=696%2C471&#038;ssl=1 696w, https:\/\/i0.wp.com\/www.sidwaya.info\/wp-content\/uploads\/2019\/04\/ankara.jpg?resize=620%2C420&#038;ssl=1 620w\" sizes=\"auto, (max-width: 696px) 100vw, 696px\" alt=\"\" title=\"ankara\"\/><\/a>Le Pr\u00e9sident du Faso, Roch Marc Christian Kabor\u00e9, et son homologue turc, Recep Tayyip Erdogan, veulent renforcer la coop\u00e9ration entre les deux pays.<\/div>\n<div class=\"td-a-rec td-a-rec-id-content_top td_uid_30_5cb106c553eeb_rand td_block_template_1\"><img loading=\"lazy\" decoding=\"async\" class=\"aligncenter size-full wp-image-4463\" src=\"https:\/\/www.sidwaya.info\/wp-content\/uploads\/2019\/02\/FESPACO-TOUR-2019-Bannie%CC%80re-728x90-1.jpg\" alt=\"\" width=\"728\" height=\"90\"\/><\/div>\n<p><strong>Le Pr\u00e9sident du Faso, Roch Marc Christian Kabor\u00e9, a eu une s\u00e9ance de travail avec son homologue turc, Recep Tayyip Erdogan, le jeudi 11 avril 2019, au palais pr\u00e9sidentiel K\u00fclliye de Turquie. Deux accords dans les domaines de l\u2019industrie de la d\u00e9fense et des investissements, ainsi qu\u2019un protocole de coop\u00e9ration entre la radiot\u00e9l\u00e9vision de Turquie et de la radiot\u00e9l\u00e9vision du Burkina ont \u00e9t\u00e9 sign\u00e9s.<\/strong><\/p>\n<p>\u00abMerhaba asker\u00bb ! C\u2019est la premi\u00e8re phrase en langue turque, \u00absalut soldat\u00bb, que le Pr\u00e9sident du Faso, Roch Marc Christian Kabor\u00e9, a adress\u00e9 aux militaires, apr\u00e8s l\u2019ex\u00e9cution des hymnes nationaux. Il a ensuite retrouv\u00e9 son homologue Recep tayyip Erdogan, pour une s\u00e9ance de travail \u00e9largie aux deux d\u00e9l\u00e9gations.<\/p>\n<p>Le chef de l\u2019Etat burkinab\u00e8 \u00e9tait accompagn\u00e9 des ministres de la D\u00e9fense, Moumina Cheriff Sy, des Affaires \u00e9trang\u00e8res, Alpha Barry, de la Culture et du Tourisme, Abdoul Karim Sango, de l\u2019Energie, Isma\u00ebl Bachir Ou\u00e9draogo, du Commerce, de l\u2019Industrie et de l\u2019Artisanat, Harouna Ou\u00e9draogo.<\/p>\n<p><img loading=\"lazy\" decoding=\"async\" class=\"wp-image-6808 size-full\" src=\"https:\/\/i2.wp.com\/www.sidwaya.info\/wp-content\/uploads\/2019\/04\/4.2.jpg?resize=696%2C464&#038;ssl=1\" alt=\"\" width=\"696\" height=\"464\" srcset=\"https:\/\/i2.wp.com\/www.sidwaya.info\/wp-content\/uploads\/2019\/04\/4.2.jpg?w=900&#038;ssl=1 900w, https:\/\/i2.wp.com\/www.sidwaya.info\/wp-content\/uploads\/2019\/04\/4.2.jpg?resize=300%2C200&#038;ssl=1 300w, https:\/\/i2.wp.com\/www.sidwaya.info\/wp-content\/uploads\/2019\/04\/4.2.jpg?resize=768%2C512&#038;ssl=1 768w, https:\/\/i2.wp.com\/www.sidwaya.info\/wp-content\/uploads\/2019\/04\/4.2.jpg?resize=696%2C464&#038;ssl=1 696w, https:\/\/i2.wp.com\/www.sidwaya.info\/wp-content\/uploads\/2019\/04\/4.2.jpg?resize=630%2C420&#038;ssl=1 630w\" sizes=\"auto, (max-width: 696px) 100vw, 696px\" data-recalc-dims=\"1\"\/>Deux accords ont \u00e9t\u00e9 sign\u00e9s dont celui sur l\u2019industrie de la d\u00e9fense entre le ministre Cherif Sy et son homologue turc<\/p>\n<p>Des d\u00e9lib\u00e9rations, deux accords ont \u00e9t\u00e9 sign\u00e9s sous le regard bienveillant des chefs d\u2019Etat. Il s\u2019agit de l\u2019accord sur la promotion et la protection r\u00e9ciproques des investissements et celui portant sur la coop\u00e9ration dans les domaines et de l\u2019industrie de la d\u00e9fense. Au niveau d\u00e9fense, le Burkina compte sur la formation et les \u00e9quipements militaires de la Turquie pour faire face au terrorisme.<\/p>\n<p><img loading=\"lazy\" decoding=\"async\" class=\"size-medium wp-image-6750\" src=\"https:\/\/i1.wp.com\/www.sidwaya.info\/wp-content\/uploads\/2019\/04\/ankara2.jpg?resize=300%2C200&#038;ssl=1\" alt=\"\" width=\"300\" height=\"200\" srcset=\"https:\/\/i1.wp.com\/www.sidwaya.info\/wp-content\/uploads\/2019\/04\/ankara2.jpg?resize=300%2C200&#038;ssl=1 300w, https:\/\/i1.wp.com\/www.sidwaya.info\/wp-content\/uploads\/2019\/04\/ankara2.jpg?resize=696%2C463&#038;ssl=1 696w, https:\/\/i1.wp.com\/www.sidwaya.info\/wp-content\/uploads\/2019\/04\/ankara2.jpg?resize=631%2C420&#038;ssl=1 631w, https:\/\/i1.wp.com\/www.sidwaya.info\/wp-content\/uploads\/2019\/04\/ankara2.jpg?w=700&#038;ssl=1 700w\" sizes=\"auto, (max-width: 300px) 100vw, 300px\" data-recalc-dims=\"1\"\/>S\u00e9ance de travail \u00e9largie aux deux d\u00e9l\u00e9gations sur des sujets d\u2019int\u00e9r\u00eats communs.<\/p>\n<p>En plus, le Burkina a sign\u00e9 un protocole de coop\u00e9ration entre la Radiot\u00e9l\u00e9vision de Turquie (RTT) et la Radiot\u00e9l\u00e9vision du Burkina Faso (RTB), qui va concerner des \u00e9changes de contenus mais aussi des formations.<\/p>\n<p>A l\u2019issue de la c\u00e9r\u00e9monie de signature, les deux pr\u00e9sidents ont anim\u00e9 une conf\u00e9rence de presse. Pour le pr\u00e9sident Erdogan, cette visite est une premi\u00e8re au sommet des deux Etats. Et \u00able meilleur investissement \u00e9tant dans l\u2019humain\u00bb, la Turquie va continuer \u00e0 apporter son aide au Burkina dans le domaine de l\u2019agriculture, de l\u2019\u00e9ducation et de la sant\u00e9. \u00abNous allons encourager notre secteur priv\u00e9 \u00e0 investir davantage au Burkina\u00bb, a-t-il d\u00e9clar\u00e9. Selon lui, le volume des \u00e9changes commerciaux, bien qu\u2019\u00e9voluant ces derni\u00e8res ann\u00e9es, est toujours en de\u00e7\u00e0 du niveau escompt\u00e9.<\/p>\n<p>La Turquie et le Burkina, d\u2019apr\u00e8s Erdogan, font 102 millions d\u2019habitants. Cela constitue un grand march\u00e9 et une opportunit\u00e9 pour les investissements.<br \/>Le chef de l\u2019Etat turc est convaincu qu\u2019il y aura un rapprochement entre les deux peuples \u00e0 travers le nombre d\u2019\u00e9tudiants burkinab\u00e8 (200) qui fr\u00e9quentent dans son pays.<\/p>\n<p>Les deux dirigeants s\u2019engagent \u00e0 lutter contre le terrorisme o\u00f9 qu\u2019il se trouve. En tant que pr\u00e9sident du G5 Sahel, Roch Marc Christian Kabor\u00e9 a f\u00e9licit\u00e9 son homologue turc pour la contribution de 5 millions de dollars de son pays \u00e0 la force conjointe du G5 Sahel.<\/p>\n<p><img loading=\"lazy\" decoding=\"async\" class=\"alignleft wp-image-6805\" src=\"https:\/\/i0.wp.com\/www.sidwaya.info\/wp-content\/uploads\/2019\/04\/soldat.jpg?resize=479%2C319&#038;ssl=1\" alt=\"\" width=\"479\" height=\"319\" srcset=\"https:\/\/i0.wp.com\/www.sidwaya.info\/wp-content\/uploads\/2019\/04\/soldat.jpg?w=900&#038;ssl=1 900w, https:\/\/i0.wp.com\/www.sidwaya.info\/wp-content\/uploads\/2019\/04\/soldat.jpg?resize=300%2C200&#038;ssl=1 300w, https:\/\/i0.wp.com\/www.sidwaya.info\/wp-content\/uploads\/2019\/04\/soldat.jpg?resize=768%2C512&#038;ssl=1 768w, https:\/\/i0.wp.com\/www.sidwaya.info\/wp-content\/uploads\/2019\/04\/soldat.jpg?resize=696%2C464&#038;ssl=1 696w, https:\/\/i0.wp.com\/www.sidwaya.info\/wp-content\/uploads\/2019\/04\/soldat.jpg?resize=630%2C420&#038;ssl=1 630w\" sizes=\"auto, (max-width: 479px) 100vw, 479px\" data-recalc-dims=\"1\"\/>Aussi lui a-t-il rassur\u00e9 \u00ab qu\u2019aucun terroriste ne trouvera refuge dans aucun des deux pays \u00bb. Afin de relancer la coop\u00e9ration entre le Burkina et la Turquie, le pr\u00e9sident du Faso a annonc\u00e9 la tenue de la commission mixte de coop\u00e9ration en juillet prochain.<br \/>Le pr\u00e9sident Erdogan a \u00e9t\u00e9 invit\u00e9 \u00e0 visiter le Burkina.<\/p>\n<p class=\"c1\"><strong>Boureima SANGA<\/strong><br \/>bsanga2003@yahoo.fr<br \/>Ankara\/Turquie<\/p>\n<div class=\"td-a-rec td-a-rec-id-content_bottom td_uid_31_5cb106c55412f_rand td_block_template_1\"><img loading=\"lazy\" decoding=\"async\" class=\"alignright size-full wp-image-1724\" src=\"https:\/\/www.sidwaya.info\/wp-content\/uploads\/2018\/12\/sidwaya-pub.jpg\" alt=\"\" width=\"720\" height=\"90\"\/><\/div>\n<p>Auteur: JK. Sidwaya<br \/>\n<a href=\"https:\/\/www.sidwaya.info\/blog\/2019\/04\/12\/lutte-contre-le-terrorisme-le-burkina-signe-un-accord-avec-la-turquie\/\">Cliquez ici pour lire l&rsquo;article depuis sa source.<\/a><\/p>\n","protected":false},"excerpt":{"rendered":"<p>Le Pr\u00e9sident du Faso, Roch Marc Christian Kabor\u00e9, et son homologue turc, Recep Tayyip Erdogan, veulent renforcer la coop\u00e9ration entre les deux pays. Le Pr\u00e9sident du Faso, Roch Marc Christian Kabor\u00e9, a eu une s\u00e9ance de travail avec son homologue turc, Recep Tayyip Erdogan, le jeudi 11 avril 2019, au palais pr\u00e9sidentiel K\u00fclliye de Turquie. [&hellip;]<\/p>\n","protected":false},"author":1816,"featured_media":0,"comment_status":"closed","ping_status":"closed","sticky":false,"template":"","format":"standard","meta":{"fifu_image_url":"","fifu_image_alt":"","footnotes":""},"categories":[73,81],"tags":[],"class_list":["post-27516","post","type-post","status-publish","format-standard","hentry","category-actualite","category-burkina-faso"],"_links":{"self":[{"href":"https:\/\/linitiative.ca\/International\/wp-json\/wp\/v2\/posts\/27516","targetHints":{"allow":["GET"]}}],"collection":[{"href":"https:\/\/linitiative.ca\/International\/wp-json\/wp\/v2\/posts"}],"about":[{"href":"https:\/\/linitiative.ca\/International\/wp-json\/wp\/v2\/types\/post"}],"author":[{"embeddable":true,"href":"https:\/\/linitiative.ca\/International\/wp-json\/wp\/v2\/users\/1816"}],"replies":[{"embeddable":true,"href":"https:\/\/linitiative.ca\/International\/wp-json\/wp\/v2\/comments?post=27516"}],"version-history":[{"count":0,"href":"https:\/\/linitiative.ca\/International\/wp-json\/wp\/v2\/posts\/27516\/revisions"}],"wp:attachment":[{"href":"https:\/\/linitiative.ca\/International\/wp-json\/wp\/v2\/media?parent=27516"}],"wp:term":[{"taxonomy":"category","embeddable":true,"href":"https:\/\/linitiative.ca\/International\/wp-json\/wp\/v2\/categories?post=27516"},{"taxonomy":"post_tag","embeddable":true,"href":"https:\/\/linitiative.ca\/International\/wp-json\/wp\/v2\/tags?post=27516"}],"curies":[{"name":"wp","href":"https:\/\/api.w.org\/{rel}","templated":true}]}}