{"id":27526,"date":"2019-04-12T15:18:03","date_gmt":"2019-04-12T19:18:03","guid":{"rendered":"https:\/\/linitiative.ca\/International\/rd-congo-premiere-visite-en-province-du-president-felix-tshisekedi\/"},"modified":"2019-04-12T15:18:03","modified_gmt":"2019-04-12T19:18:03","slug":"rd-congo-premiere-visite-en-province-du-president-felix-tshisekedi","status":"publish","type":"post","link":"https:\/\/linitiative.ca\/International\/rd-congo-premiere-visite-en-province-du-president-felix-tshisekedi\/","title":{"rendered":"RD Congo : premi\u00e8re visite en province du pr\u00e9sident  F\u00e9lix Tshisekedi"},"content":{"rendered":"<div readability=\"32\">\n<p>Publi\u00e9 le 12.04.2019 \u00e0 20h18 par APA News<\/p>\n<\/div>\n<div readability=\"64\">\n<p>Le pr\u00e9sident F\u00e9lix Tshisekedi s\u2019est rendu vendredi \u00e0 Lubumbashi, dans la province du Haut-Katanga (sud-est de la RD Congo), effectuant ainsi sa premi\u00e8re visite \u00e0 l\u2019int\u00e9rieur de son pays depuis son \u00e9lection le 30 d\u00e9cembre 2018 et sa prise de fonction le 24 janvier 2019.Les probl\u00e8mes li\u00e9s \u00e0 la recrudescence de l\u2019ins\u00e9curit\u00e9 dans la deuxi\u00e8me ville du pays (Lubumbashi) et les disfonctionnements au poste douanier de Kasumbalesa, \u00e0 la fronti\u00e8re avec la Zambie, sont au centre de la visite du chef de l\u2019Etat dans le chef-lieu du Haut-Katanga.<\/p>\n<p>Apr\u00e8s Lubumbashi, le pr\u00e9sident Tshisekedi est annonc\u00e9, pour la deuxi\u00e8me \u00e9tape de sa premi\u00e8re tourn\u00e9e en province, \u00e0 Goma, chef-lieu du Nord-Kivu (est du pays), une province en proie \u00e0 l\u2019\u00e9pid\u00e9mie d\u2019Ebola et \u00e0 l\u2019ins\u00e9curit\u00e9 g\u00e9n\u00e9r\u00e9e par les groupes arm\u00e9s nationaux et \u00e9trangers \u00e9tape.<\/p>\n<p><ins data-revive-zoneid=\"9\" data-revive-id=\"10111e19d28d19d031742ee3b0b33eb0\"\/> <\/p>\n<p>Alors qu\u2019il ne s\u2019est jamais rendu \u00e0 l\u2019int\u00e9rieur de son pays jusqu\u2019\u00e0 ce jour, le pr\u00e9sident congolais a effectu\u00e9, par contre, plusieurs voyages \u00e0 l\u2019\u00e9tranger depuis le 05 f\u00e9vrier 2019, en se rendant notamment en Angola, au Kenya, au Kongo Brazzaville, en Ethiopie, en Ouganda, au Rwanda, au S\u00e9n\u00e9gal et aux Etats-Unis.<\/p>\n<\/div>\n<p>Auteur: APA News<br \/>\n<a href=\"https:\/\/www.journalducameroun.com\/fr\/rd-congo-premiere-visite-en-province-du-president-felix-tshisekedi\/\">Cliquez ici pour lire l&rsquo;article depuis sa source.<\/a><\/p>\n","protected":false},"excerpt":{"rendered":"<p>Publi\u00e9 le 12.04.2019 \u00e0 20h18 par APA News Le pr\u00e9sident F\u00e9lix Tshisekedi s\u2019est rendu vendredi \u00e0 Lubumbashi, dans la province du Haut-Katanga (sud-est de la RD Congo), effectuant ainsi sa premi\u00e8re visite \u00e0 l\u2019int\u00e9rieur de son pays depuis son \u00e9lection le 30 d\u00e9cembre 2018 et sa prise de fonction le 24 janvier 2019.Les probl\u00e8mes li\u00e9s [&hellip;]<\/p>\n","protected":false},"author":1965,"featured_media":0,"comment_status":"closed","ping_status":"closed","sticky":false,"template":"","format":"standard","meta":{"fifu_image_url":"","fifu_image_alt":"","footnotes":""},"categories":[73,82],"tags":[],"class_list":["post-27526","post","type-post","status-publish","format-standard","hentry","category-actualite","category-cameroun"],"_links":{"self":[{"href":"https:\/\/linitiative.ca\/International\/wp-json\/wp\/v2\/posts\/27526","targetHints":{"allow":["GET"]}}],"collection":[{"href":"https:\/\/linitiative.ca\/International\/wp-json\/wp\/v2\/posts"}],"about":[{"href":"https:\/\/linitiative.ca\/International\/wp-json\/wp\/v2\/types\/post"}],"author":[{"embeddable":true,"href":"https:\/\/linitiative.ca\/International\/wp-json\/wp\/v2\/users\/1965"}],"replies":[{"embeddable":true,"href":"https:\/\/linitiative.ca\/International\/wp-json\/wp\/v2\/comments?post=27526"}],"version-history":[{"count":0,"href":"https:\/\/linitiative.ca\/International\/wp-json\/wp\/v2\/posts\/27526\/revisions"}],"wp:attachment":[{"href":"https:\/\/linitiative.ca\/International\/wp-json\/wp\/v2\/media?parent=27526"}],"wp:term":[{"taxonomy":"category","embeddable":true,"href":"https:\/\/linitiative.ca\/International\/wp-json\/wp\/v2\/categories?post=27526"},{"taxonomy":"post_tag","embeddable":true,"href":"https:\/\/linitiative.ca\/International\/wp-json\/wp\/v2\/tags?post=27526"}],"curies":[{"name":"wp","href":"https:\/\/api.w.org\/{rel}","templated":true}]}}