{"id":27528,"date":"2019-04-12T16:50:02","date_gmt":"2019-04-12T20:50:02","guid":{"rendered":"https:\/\/linitiative.ca\/International\/le-chanteur-marocain-saad-lamjarred-renvoye-en-correctionnelle-a-paris-pour-agression-sexuelle\/"},"modified":"2019-04-12T16:50:02","modified_gmt":"2019-04-12T20:50:02","slug":"le-chanteur-marocain-saad-lamjarred-renvoye-en-correctionnelle-a-paris-pour-agression-sexuelle","status":"publish","type":"post","link":"https:\/\/linitiative.ca\/International\/le-chanteur-marocain-saad-lamjarred-renvoye-en-correctionnelle-a-paris-pour-agression-sexuelle\/","title":{"rendered":"Le chanteur marocain Saad Lamjarred renvoy\u00e9 en correctionnelle \u00e0 Paris pour \u00ab\u00a0agression sexuelle\u00a0\u00bb"},"content":{"rendered":"<div readability=\"32\">\n<p>Publi\u00e9 le 12.04.2019 \u00e0 21h50 par AFP<\/p>\n<\/div>\n<div readability=\"149\">\n<p>Le chanteur star marocain Saad Lamjarred, accus\u00e9 d\u2019un viol par une jeune femme fin 2016 \u00e0 Paris, sera jug\u00e9 en France, mais pour des charges all\u00e9g\u00e9es d&rsquo;\u00a0\u00bbagression sexuelle\u00a0\u00bb, une d\u00e9cision d\u2019un juge d\u2019instruction contest\u00e9e par la plaignante qui r\u00e9clame un proc\u00e8s aux assises.<\/p>\n<p>Le proc\u00e8s du chanteur, qui a b\u00e9n\u00e9fici\u00e9 d\u2019un non-lieu dans un autre volet de cette enqu\u00eate, ne se tiendra toutefois pas avant 2020 au mieux, le temps d\u2019examiner le recours form\u00e9e par cette femme qui ne renonce pas \u00e0 voir le chanteur jug\u00e9 pour viol devant un jury populaire.<\/p>\n<p>Depuis le d\u00e9but de cette affaire tr\u00e8s suivie au Maroc, Saad Lamjarred, ph\u00e9nom\u00e8ne de 34 ans qui cumule plus d\u2019un milliard de vues sur YouTube, est revenu \u00e0 plusieurs reprises \u00e0 la Une de la chronique judiciaire fran\u00e7aise.<\/p>\n<p>Dernier \u00e9pisode fin ao\u00fbt: le chanteur avait \u00e9cop\u00e9 d\u2019une troisi\u00e8me mise en examen en France pour viol, cette fois apr\u00e8s la plainte d\u2019une jeune femme au terme d\u2019une soir\u00e9e \u00e0 Saint-Tropez.<\/p>\n<p>Il avait ensuite \u00e9t\u00e9 incarc\u00e9r\u00e9 mi-septembre avant d\u2019\u00eatre lib\u00e9r\u00e9 sous contr\u00f4le judiciaire le 5 d\u00e9cembre et contraint de r\u00e9sider \u00e0 Paris le temps de l\u2019enqu\u00eate, men\u00e9e par un juge d\u2019instruction de Draguignan (Var).<\/p>\n<p>Cette nouvelle affaire s\u2019ajoutait aux accusations plus anciennes de deux autres femmes, examin\u00e9es conjointement par un magistrat parisien.<\/p>\n<p>Celui-ci a rendu mardi sa d\u00e9cision finale au terme de l\u2019enqu\u00eate, a-t-on appris vendredi aupr\u00e8s des avocats, confirmant une information du Parisien.<\/p>\n<p>Dans le premier volet, le chanteur \u00e9tait mis en examen pour viol et violences aggrav\u00e9es depuis octobre 2016, apr\u00e8s la plainte d\u00e9pos\u00e9e par une jeune femme.<\/p>\n<p>Laura P., alors \u00e2g\u00e9e de 20 ans, affirmait avoir \u00e9t\u00e9 agress\u00e9e par le chanteur dans la chambre d\u2019h\u00f4tel de ce dernier quelques jours avant son concert \u00e0 Paris, sur fond d\u2019alcool et de drogue.<\/p>\n<p>Incarc\u00e9r\u00e9 dans la foul\u00e9e, Saad Lamjarred avait \u00e9t\u00e9 lib\u00e9r\u00e9 sous bracelet \u00e9lectronique en avril 2017.<\/p>\n<p>Mardi, le juge d\u2019instruction a ordonn\u00e9 qu\u2019il soit jug\u00e9 devant le tribunal correctionnel de Paris pour ces faits, mais requalifi\u00e9s en \u00ab\u00a0agression sexuelle\u00a0\u00bb et \u00ab\u00a0violences aggrav\u00e9es\u00a0\u00bb, conform\u00e9ment aux r\u00e9quisitions du parquet de Paris.<\/p>\n<p>\u00ab\u00a0En excluant la qualification de viol, le juge d\u2019instruction et le procureur de la R\u00e9publique rejoignent l\u2019analyse initiale de la d\u00e9fense\u00a0\u00bb, s\u2019est f\u00e9licit\u00e9 aupr\u00e8s de l\u2019AFP Me Jean-Marc Fedida, avocat du chanteur.<\/p>\n<p><ins data-revive-zoneid=\"9\" data-revive-id=\"10111e19d28d19d031742ee3b0b33eb0\"\/> <\/p>\n<p>\u00ab\u00a0Il n\u2019y a jamais eu aucune esp\u00e8ce de violence, c\u2019est un renvoi a minima\u00a0\u00bb, a-t-il ajout\u00e9.<\/p>\n<p>\u00ab\u00a0Pour nous, c\u2019est inacceptable, cette affaire rel\u00e8ve de la cour d\u2019assises\u00a0\u00bb, a r\u00e9agi Me Jean-Marc Descoubes, avocat de Laura P.<\/p>\n<p>\u2013 #masaktach \u2013<\/p>\n<p>Dans le second volet, le chanteur avait \u00e9t\u00e9 mis en examen pour viol en avril 2017, cette fois pour les faits d\u00e9nonc\u00e9s dans la plainte d\u2019une jeune Franco-Marocaine affirmant avoir \u00e9t\u00e9 agress\u00e9e et frapp\u00e9e par le chanteur \u00e0 Casablanca en 2015.<\/p>\n<p>La plaignante s\u2019\u00e9tait ensuite mise en retrait de la proc\u00e9dure et le juge a ordonn\u00e9 un non-lieu pour ce volet.<\/p>\n<p>N\u00e9 en avril 1985, Saad Lamjarred est originaire de Rabat, o\u00f9 il a grandi dans une famille d\u2019artistes renomm\u00e9s. Il a commenc\u00e9 \u00e0 se faire conna\u00eetre dans le monde arabe en 2007 en participant \u00e0 l\u2019\u00e9mission libanaise Super Star, mais n\u2019est devenu une c\u00e9l\u00e9brit\u00e9 qu\u2019\u00e0 partir de 2013 avec son titre \u00ab\u00a0Mal Hbibi Malou\u00a0\u00bb (\u00ab\u00a0Qu\u2019arrive-t-il \u00e0 ma bien-aim\u00e9e?\u00a0\u00bb).<\/p>\n<p>Saad Lamjarred reste adul\u00e9 dans son pays natal, malgr\u00e9 ces affaires, qui ont relanc\u00e9 le d\u00e9bat au Maroc sur les violences contre les femmes.<\/p>\n<p>Ses fans restent persuad\u00e9s que le chanteur est victime d\u2019un complot et\/ou que ses pr\u00e9sum\u00e9es victimes cherchent \u00e0 tirer profit de sa notori\u00e9t\u00e9.<\/p>\n<p>En septembre, apr\u00e8s sa nouvelle incarc\u00e9ration, une campagne pour bannir ses titres des ondes marocaines, avec les hashtags #masaktach (je ne me tais pas) et #LamjarredOut, avait domin\u00e9 les r\u00e9seaux sociaux, obtenant un \u00e9cho viral mais un succ\u00e8s mitig\u00e9 dans les radios.<\/p>\n<p>En 2010, le chanteur avait d\u00e9j\u00e0 \u00e9t\u00e9 mis en cause aux Etats-Unis dans une affaire de viol dans laquelle il nie toute implication. Les poursuites avaient \u00e9t\u00e9 abandonn\u00e9es.<\/p>\n<\/div>\n<p>Auteur: AFP<br \/>\n<a href=\"https:\/\/www.journalducameroun.com\/fr\/le-chanteur-marocain-saad-lamjarred-renvoye-en-correctionnelle-a-paris-pour-agression-sexuelle-2\/\">Cliquez ici pour lire l&rsquo;article depuis sa source.<\/a><\/p>\n","protected":false},"excerpt":{"rendered":"<p>Publi\u00e9 le 12.04.2019 \u00e0 21h50 par AFP Le chanteur star marocain Saad Lamjarred, accus\u00e9 d\u2019un viol par une jeune femme fin 2016 \u00e0 Paris, sera jug\u00e9 en France, mais pour des charges all\u00e9g\u00e9es d&rsquo;\u00a0\u00bbagression sexuelle\u00a0\u00bb, une d\u00e9cision d\u2019un juge d\u2019instruction contest\u00e9e par la plaignante qui r\u00e9clame un proc\u00e8s aux assises. Le proc\u00e8s du chanteur, qui [&hellip;]<\/p>\n","protected":false},"author":1965,"featured_media":0,"comment_status":"closed","ping_status":"closed","sticky":false,"template":"","format":"standard","meta":{"fifu_image_url":"","fifu_image_alt":"","footnotes":""},"categories":[73,82],"tags":[],"class_list":["post-27528","post","type-post","status-publish","format-standard","hentry","category-actualite","category-cameroun"],"_links":{"self":[{"href":"https:\/\/linitiative.ca\/International\/wp-json\/wp\/v2\/posts\/27528","targetHints":{"allow":["GET"]}}],"collection":[{"href":"https:\/\/linitiative.ca\/International\/wp-json\/wp\/v2\/posts"}],"about":[{"href":"https:\/\/linitiative.ca\/International\/wp-json\/wp\/v2\/types\/post"}],"author":[{"embeddable":true,"href":"https:\/\/linitiative.ca\/International\/wp-json\/wp\/v2\/users\/1965"}],"replies":[{"embeddable":true,"href":"https:\/\/linitiative.ca\/International\/wp-json\/wp\/v2\/comments?post=27528"}],"version-history":[{"count":0,"href":"https:\/\/linitiative.ca\/International\/wp-json\/wp\/v2\/posts\/27528\/revisions"}],"wp:attachment":[{"href":"https:\/\/linitiative.ca\/International\/wp-json\/wp\/v2\/media?parent=27528"}],"wp:term":[{"taxonomy":"category","embeddable":true,"href":"https:\/\/linitiative.ca\/International\/wp-json\/wp\/v2\/categories?post=27528"},{"taxonomy":"post_tag","embeddable":true,"href":"https:\/\/linitiative.ca\/International\/wp-json\/wp\/v2\/tags?post=27528"}],"curies":[{"name":"wp","href":"https:\/\/api.w.org\/{rel}","templated":true}]}}