{"id":27529,"date":"2019-04-12T17:18:03","date_gmt":"2019-04-12T21:18:03","guid":{"rendered":"https:\/\/linitiative.ca\/International\/politique-commerciale-de-lomc-29-fonctionnaires-de-16-pays-dafrique-formes-a-abidjan\/"},"modified":"2019-04-12T17:18:03","modified_gmt":"2019-04-12T21:18:03","slug":"politique-commerciale-de-lomc-29-fonctionnaires-de-16-pays-dafrique-formes-a-abidjan","status":"publish","type":"post","link":"https:\/\/linitiative.ca\/International\/politique-commerciale-de-lomc-29-fonctionnaires-de-16-pays-dafrique-formes-a-abidjan\/","title":{"rendered":"Politique commerciale de l\u2019OMC: 29 fonctionnaires de 16 pays d\u2019Afrique form\u00e9s \u00e0 Abidjan"},"content":{"rendered":"<div readability=\"32\">\n<p>Publi\u00e9 le 12.04.2019 \u00e0 22h18 par APA News<\/p>\n<\/div>\n<div readability=\"136\">\n<p>Quelque 29 fonctionnaires issus de 16 pays de l\u2019Afrique francophone ont \u00e9t\u00e9 form\u00e9s pendant huit semaines \u00e0 Abidjan lors de la troisi\u00e8me \u00e9dition des cours r\u00e9gionaux de politique commerciale de l\u2019Organisation mondiale du commerce (OMC) qui a \u00e9t\u00e9 cl\u00f4tur\u00e9e, vendredi, dans la capitale \u00e9conomique ivoirienne.L\u2019Ecole nationale sup\u00e9rieure de statistique et d\u2019\u00e9conomie \u00a0appliqu\u00e9e (ENSEA) d\u2019Abidjan a accueilli du 18 f\u00e9vrier au 12 avril 2019, cette troisi\u00e8me \u00e9dition des Cours r\u00e9gionaux de politique commerciale (CRPC) \u00e0 l\u2019attention des membres et observateurs de l\u2019Organisation mondiale du commerce (OMC) de la r\u00e9gion Afrique francophone. \u00a0<\/p>\n<p>Se f\u00e9licitant du choix de la C\u00f4te d\u2019Ivoire apr\u00e8s une proc\u00e9dure s\u00e9lective pour abriter cette troisi\u00e8me session, Henri Ouattara, Chef de cabinet de la ministre ivoirienne du Plan et du d\u00e9veloppement s\u2019est f\u00e9licit\u00e9 de la qualit\u00e9 de la formation re\u00e7ue par ces cadres qui repartent apr\u00e8s une formation exigeante anim\u00e9e par des experts de l\u2019OMC. \u00a0<\/p>\n<p>\u00ab Apr\u00e8s la session de 2017, 2018, la C\u00f4te d\u2019Ivoire a abrit\u00e9 pendant huit semaines, la troisi\u00e8me session des Cours r\u00e9gionaux de politique commerciale de l\u2019OMC destin\u00e9e aux pays de l\u2019Afrique francophone. Le renouvellement de la confiance en notre pays et \u00e0 l\u2019ENSEA est le fruit conjugu\u00e9 d\u2019un bilan tr\u00e8s satisfaisant des deux sessions pr\u00e9c\u00e9dentes et de l\u2019engagement du gouvernement ivoirien \u00bb, a d\u00e9clar\u00e9 auparavant le Directeur de l\u2019ENSEA, Dr Hugues Kouadio au cours d\u2019une c\u00e9r\u00e9monie de cl\u00f4ture de cette troisi\u00e8me session.<\/p>\n<p>Avec cette \u00e9dition qui s\u2019ach\u00e8ve, a-t-il ajout\u00e9, 12 fonctionnaires ivoiriens de la Direction g\u00e9n\u00e9rale du commerce ext\u00e9rieur ont \u00e9t\u00e9 form\u00e9s en C\u00f4te d\u2019Ivoire dans le cadre des CRPC.<\/p>\n<p>\u00ab L\u2019OMC est un partenaire professionnel dont nous allons partager l\u2019exp\u00e9rience en mati\u00e8re d\u2019organisation mat\u00e9rielle, logistique et p\u00e9dagogique \u00bb, a poursuivi Dr Kouadio, invitant les \u00ab auditeurs, \u00e0 capitaliser cette formation pour une plus grande efficacit\u00e9 dans vos responsabilit\u00e9s respectives dans vos diff\u00e9rent pays \u00bb.<\/p>\n<p>L\u2019\u00e9conomiste Mustapha Sekkate, charg\u00e9 de la formation \u00e0 l\u2019OMC, a au nom du Directeur g\u00e9n\u00e9ral \u00a0de cette organisation, Roberto Azev\u00eado, salu\u00e9 les autorit\u00e9s ivoiriennes pour leur disponibilit\u00e9. \u00a0<\/p>\n<p>\u00ab Un syst\u00e8me commercial multilat\u00e9ral qui fonctionne bien exige non seulement des r\u00e8gles commerciales renforc\u00e9es qui soient non discriminatoires et \u00e9quitables, mais aussi exige une analyse \u00e9clair\u00e9e par les membres et observateurs des horizons qu\u2019ouvrent ces r\u00e8gles et de la capacit\u00e9 d\u2019en tirer profit \u00bb, a expliqu\u00e9 M. Sekkate.<\/p>\n<p><ins data-revive-zoneid=\"9\" data-revive-id=\"10111e19d28d19d031742ee3b0b33eb0\"\/> <\/p>\n<p>\u00ab Nous esp\u00e9rons que les connaissances que vous avez acquises \u00e0 la faveur de ce cours vous permettront non seulement de travailler plus efficacement dans vos administrations respectives, mais aussi de concourir \u00e0 la participation active de vos gouvernements au renforcement des succ\u00e8s obtenus aux pr\u00e9c\u00e9dentes conf\u00e9rences minist\u00e9rielles tenues \u00e0 Bali, Nairobi et Buenos Aires \u00bb, a-t-il poursuivi, souhaitant que ces auditeurs deviennent des \u00ab n\u00e9gociateurs et conseillers commerciaux de premier ordre \u00bb dans leur pays.<\/p>\n<p>\u00a0Pour lui, cela est \u00a0essentiel pour continuer \u00e0 renforcer les r\u00e8gles commerciales et multilat\u00e9rales. \u00a0Par cons\u00e9quent, \u00ab je suis tr\u00e8s heureux qu\u2019\u00e0 l\u2019issue de ce programme de deux mois, 29 fonctionnaires de 16 pays de la r\u00e9gion ont \u00e9t\u00e9 form\u00e9s avec succ\u00e8s \u00bb, s\u2019est f\u00e9licit\u00e9 Mustapha Sekkate, encourageant tous les auditeurs \u00e0 \u00ab participer activement ainsi qu\u2019\u00e0 faire en sorte que vos pays respectifs contribuent positivement \u00e0 renforcer le syst\u00e8me commercial multilat\u00e9ral \u00bb.<\/p>\n<p>Au nom des auditeurs, la Malgache Lalaharisoa Andoniaina Ramanankieferana Andrianary, a rassur\u00e9 qu\u2019apr\u00e8s huit semaines d\u2019intense cours, \u00ab nous avons appris les r\u00e8gles et proc\u00e9dures de l\u2019OMC\u00bb. La d\u00e9l\u00e9gu\u00e9e des auditeurs a \u00e9galement mis en exergue la ma\u00eetrise des strat\u00e9gies dans le cadre des n\u00e9gociations commerciales.<\/p>\n<p>Les auditeurs de cette troisi\u00e8me session sont issus de l\u2019Alg\u00e9rie, l\u2019Angola, du \u00a0B\u00e9nin, du Bukina Faso, des Comores, du Congo, de la C\u00f4te d\u2019Ivoire, du Gabon, de Madagascar, du Mali, de la Mauritanie, de la R\u00e9publique Centrafricaine, de ka R\u00e9publique D\u00e9mocratique du Congo , du S\u00e9n\u00e9gal, du Togo et de la Tunisie.<\/p>\n<p>Cr\u00e9\u00e9e en 1961, l\u2019Ecole nationale sup\u00e9rieure de statistique et d\u2019\u00e9conomie appliqu\u00e9e d\u2019Abidjan (ENSEA) est un Etablissement public national. Elle est labellis\u00e9e Centre d\u2019excellence africain \u00a0(CEA) de la Banque mondiale depuis 2015 et Centre d\u2019excellence r\u00e9gional \u00a0de l\u2019Union \u00e9conomique et mon\u00e9taire (UEMOA) depuis 2005.<\/p>\n<\/div>\n<p>Auteur: APA News<br \/>\n<a href=\"https:\/\/www.journalducameroun.com\/fr\/politique-commerciale-de-lomc-29-fonctionnaires-de-16-pays-dafrique-formes-a-abidjan\/\">Cliquez ici pour lire l&rsquo;article depuis sa source.<\/a><\/p>\n","protected":false},"excerpt":{"rendered":"<p>Publi\u00e9 le 12.04.2019 \u00e0 22h18 par APA News Quelque 29 fonctionnaires issus de 16 pays de l\u2019Afrique francophone ont \u00e9t\u00e9 form\u00e9s pendant huit semaines \u00e0 Abidjan lors de la troisi\u00e8me \u00e9dition des cours r\u00e9gionaux de politique commerciale de l\u2019Organisation mondiale du commerce (OMC) qui a \u00e9t\u00e9 cl\u00f4tur\u00e9e, vendredi, dans la capitale \u00e9conomique ivoirienne.L\u2019Ecole nationale sup\u00e9rieure [&hellip;]<\/p>\n","protected":false},"author":1965,"featured_media":0,"comment_status":"closed","ping_status":"closed","sticky":false,"template":"","format":"standard","meta":{"fifu_image_url":"","fifu_image_alt":"","footnotes":""},"categories":[73,82],"tags":[],"class_list":["post-27529","post","type-post","status-publish","format-standard","hentry","category-actualite","category-cameroun"],"_links":{"self":[{"href":"https:\/\/linitiative.ca\/International\/wp-json\/wp\/v2\/posts\/27529","targetHints":{"allow":["GET"]}}],"collection":[{"href":"https:\/\/linitiative.ca\/International\/wp-json\/wp\/v2\/posts"}],"about":[{"href":"https:\/\/linitiative.ca\/International\/wp-json\/wp\/v2\/types\/post"}],"author":[{"embeddable":true,"href":"https:\/\/linitiative.ca\/International\/wp-json\/wp\/v2\/users\/1965"}],"replies":[{"embeddable":true,"href":"https:\/\/linitiative.ca\/International\/wp-json\/wp\/v2\/comments?post=27529"}],"version-history":[{"count":0,"href":"https:\/\/linitiative.ca\/International\/wp-json\/wp\/v2\/posts\/27529\/revisions"}],"wp:attachment":[{"href":"https:\/\/linitiative.ca\/International\/wp-json\/wp\/v2\/media?parent=27529"}],"wp:term":[{"taxonomy":"category","embeddable":true,"href":"https:\/\/linitiative.ca\/International\/wp-json\/wp\/v2\/categories?post=27529"},{"taxonomy":"post_tag","embeddable":true,"href":"https:\/\/linitiative.ca\/International\/wp-json\/wp\/v2\/tags?post=27529"}],"curies":[{"name":"wp","href":"https:\/\/api.w.org\/{rel}","templated":true}]}}