{"id":27557,"date":"2019-04-13T04:17:20","date_gmt":"2019-04-13T08:17:20","guid":{"rendered":"https:\/\/linitiative.ca\/International\/immogallery-quand-limmobilier-de-standing-soffre-un-salon\/"},"modified":"2019-04-13T04:17:20","modified_gmt":"2019-04-13T08:17:20","slug":"immogallery-quand-limmobilier-de-standing-soffre-un-salon","status":"publish","type":"post","link":"https:\/\/linitiative.ca\/International\/immogallery-quand-limmobilier-de-standing-soffre-un-salon\/","title":{"rendered":"ImmoGallery : Quand l\u2019immobilier de standing  s\u2019offre un Salon"},"content":{"rendered":"<p><img decoding=\"async\" class=\"post_layout_5_img\" src=\"http:\/\/aujourdhui.ma\/wp-content\/uploads\/2019\/04\/Immo-gallery.jpg?x29840\" alt=\"ImmoGallery : Quand l\u2019immobilier de standing s\u2019offre un Salon\"\/><\/p>\n<p>Le coup d\u2019envoi du premier Salon d\u00e9di\u00e9 \u00e0 l\u2019immobilier de standing a \u00e9t\u00e9 donn\u00e9 hier, jeudi 11 avril, \u00e0 Casablanca.<span id=\"more-309158\"\/> Quatre jours d\u2019exposition et d\u2019\u00e9changes permettront au grand public de renouer avec l\u2019acte d\u2019achat et de d\u00e9couvrir de pr\u00e8s les derni\u00e8res offres de ce segment prestigieux du march\u00e9 immobilier. Un secteur qui repr\u00e9sente pr\u00e8s de 7 % du Produit int\u00e9rieur brut national et plus de 10 % de l\u2019emploi total au Maroc. De grandes signatures du secteur ont r\u00e9pondu pr\u00e9sent \u00e0 ce rendez-vous qui se veut \u00eatre annuel. L\u2019occasion \u00e9tant d\u2019assouvir un besoin d\u2019acc\u00e8s \u00e0 la propri\u00e9t\u00e9 et remplir l\u2019un des engagements des professionnels tels qu\u2019identifi\u00e9s dans la nouvelle feuille de route de la F\u00e9d\u00e9ration nationale des promoteurs immobiliers (FNPI). Initi\u00e9 par la f\u00e9d\u00e9ration, ce Salon, baptis\u00e9 \u00abImmoGallery\u00bb, intervient une ann\u00e9e apr\u00e8s la pr\u00e9sentation du m\u00e9morandum de la FNPI \u00e0 la tutelle et aux d\u00e9partements concern\u00e9s.<\/p>\n<p>Un manifeste qui relate les besoins vitaux du secteur et la vision des promoteurs d\u2019un march\u00e9 immobilier sain et assaini. La tenue d\u2019un tel \u00e9v\u00e9nement d\u00e9montre clairement l\u2019effort consenti par la f\u00e9d\u00e9ration en vue de professionnaliser le secteur et de renforcer sa contribution dans le d\u00e9veloppement socio-\u00e9conomique du pays. La finalit\u00e9 \u00e9tant d\u2019\u00e9tablir une offre de logements adapt\u00e9e \u00e0 la demande et aux exigences des citoyens. \u00abNous avons pris l\u2019initiative d\u2019un salon professionnel avec un espace d\u2019exposition et un programme scientifique riche car nous sommes convaincus que nos projets ne peuvent \u00e9merger et vivre que dans le cadre d\u2019une \u00e9troite collaboration, voire d\u2019une bonne concertation avec toutes les composantes du secteur dans lequel le service au citoyen reste notre objectif principal\u00bb, peut-on relever de Kamil Taoufik, pr\u00e9sident de la FNPI. Au-del\u00e0 de son aspect commercial, l\u2019\u00e9v\u00e9nement vient en effet cr\u00e9er une distinction entre un promoteur responsable et \u00aboccasionnel\u00bb.<\/p>\n<p>Pour r\u00e9ussir ce pari, la FNPI a \u00e9t\u00e9 tr\u00e8s s\u00e9lective dans le choix des promoteurs participants. On recense \u00e0 cet effet 22 promoteurs de renom qui sont venus pr\u00e9senter des offres in\u00e9dites. A ces exposants s\u2019ajoute une seule entit\u00e9 bancaire qui s\u2019est port\u00e9e partenaire pour cette premi\u00e8re \u00e9dition.<\/p>\n<p>D\u2019apr\u00e8s les organisateurs de cet \u00e9v\u00e9nement, les projets qui seront expos\u00e9s se veulent \u00e0 la fois diversifi\u00e9s et de qualit\u00e9 pour tous les standings, except\u00e9 le social. L\u2019offre variera du moyen standing \u00e0 l\u2019immobilier de luxe, en passant par le r\u00e9sidentiel, le baln\u00e9aire ou encore les lotissements de terrains. \u00abImmoGallery\u00bb conna\u00eetra par ailleurs l\u2019am\u00e9nagement d\u2019un espace de d\u00e9bat et d\u2019\u00e9change. Un programme scientifique est \u00e9labor\u00e9 permettant aux professionnels et experts du secteur d\u2019\u00e9changer autour de th\u00e9matiques cruciales au d\u00e9veloppement de l\u2019immobilier au Maroc.<\/p>\n<p>Les intervenants passeront en revue la r\u00e9glementation thermique en vigueur et analyseront \u00e0 cet effet ses contraintes et limites. Les participants d\u00e9tailleront par la m\u00eame occasion les produits disponibles et dispositifs favorisant une bonne prise en charge de l\u2019isolation thermique des b\u00e2timents.<\/p>\n<p>Le salon conna\u00eetra \u00e9galement la tenue d\u2019une table ronde d\u00e9di\u00e9e \u00e0 la transformation num\u00e9rique dans l\u2019immobilier. L\u2019id\u00e9e \u00e9tant d\u2019examiner les technologies num\u00e9riques et industrielles actuelles et de se projeter dans un futur proche pour \u00e9valuer les opportunit\u00e9s et les menaces de cette transition \u00e9nerg\u00e9tique pour les acteurs du march\u00e9. La juridiction de la construction sera \u00e9galement en d\u00e9bat. Une opportunit\u00e9 pour d\u00e9finir les responsabilit\u00e9s des acteurs dans le cadre de l\u2019int\u00e9gration et de l\u2019autor\u00e9gulation.<\/p>\n<p>Auteur: ALM<br \/>\n<a href=\"http:\/\/aujourdhui.ma\/economie\/immobilier\/immogallery-quand-limmobilier-de-standing-soffre-un-salon\">Cliquez ici pour lire l&rsquo;article depuis sa source.<\/a><\/p>\n","protected":false},"excerpt":{"rendered":"<p>Le coup d\u2019envoi du premier Salon d\u00e9di\u00e9 \u00e0 l\u2019immobilier de standing a \u00e9t\u00e9 donn\u00e9 hier, jeudi 11 avril, \u00e0 Casablanca. Quatre jours d\u2019exposition et d\u2019\u00e9changes permettront au grand public de renouer avec l\u2019acte d\u2019achat et de d\u00e9couvrir de pr\u00e8s les derni\u00e8res offres de ce segment prestigieux du march\u00e9 immobilier. Un secteur qui repr\u00e9sente pr\u00e8s de [&hellip;]<\/p>\n","protected":false},"author":1759,"featured_media":0,"comment_status":"closed","ping_status":"closed","sticky":false,"template":"","format":"standard","meta":{"fifu_image_url":"","fifu_image_alt":"","footnotes":""},"categories":[73,54],"tags":[],"class_list":["post-27557","post","type-post","status-publish","format-standard","hentry","category-actualite","category-maroc"],"_links":{"self":[{"href":"https:\/\/linitiative.ca\/International\/wp-json\/wp\/v2\/posts\/27557","targetHints":{"allow":["GET"]}}],"collection":[{"href":"https:\/\/linitiative.ca\/International\/wp-json\/wp\/v2\/posts"}],"about":[{"href":"https:\/\/linitiative.ca\/International\/wp-json\/wp\/v2\/types\/post"}],"author":[{"embeddable":true,"href":"https:\/\/linitiative.ca\/International\/wp-json\/wp\/v2\/users\/1759"}],"replies":[{"embeddable":true,"href":"https:\/\/linitiative.ca\/International\/wp-json\/wp\/v2\/comments?post=27557"}],"version-history":[{"count":0,"href":"https:\/\/linitiative.ca\/International\/wp-json\/wp\/v2\/posts\/27557\/revisions"}],"wp:attachment":[{"href":"https:\/\/linitiative.ca\/International\/wp-json\/wp\/v2\/media?parent=27557"}],"wp:term":[{"taxonomy":"category","embeddable":true,"href":"https:\/\/linitiative.ca\/International\/wp-json\/wp\/v2\/categories?post=27557"},{"taxonomy":"post_tag","embeddable":true,"href":"https:\/\/linitiative.ca\/International\/wp-json\/wp\/v2\/tags?post=27557"}],"curies":[{"name":"wp","href":"https:\/\/api.w.org\/{rel}","templated":true}]}}