{"id":27559,"date":"2019-04-13T04:17:24","date_gmt":"2019-04-13T08:17:24","guid":{"rendered":"https:\/\/linitiative.ca\/International\/casa-anfa-la-premiere-tranche-prend-forme\/"},"modified":"2019-04-13T04:17:24","modified_gmt":"2019-04-13T08:17:24","slug":"casa-anfa-la-premiere-tranche-prend-forme","status":"publish","type":"post","link":"https:\/\/linitiative.ca\/International\/casa-anfa-la-premiere-tranche-prend-forme\/","title":{"rendered":"Casa-Anfa : La premi\u00e8re tranche  prend forme"},"content":{"rendered":"<p><img decoding=\"async\" class=\"post_layout_5_img\" src=\"http:\/\/aujourdhui.ma\/wp-content\/uploads\/2019\/04\/Casa-Anfa.jpg?x29840\" alt=\"Casa-Anfa : La premi\u00e8re tranche prend forme\"\/><\/p>\n<p>Parfaite illustration d\u2019une nouvelle centralit\u00e9 urbaine, Casa-Anfa est sans conteste un projet avant-gardiste qui vient moderniser le paysage urbain de Casablanca<span id=\"more-309155\"\/>, contribuant ainsi au rayonnement de la capitale \u00e9conomique en la hissant au rang des grandes m\u00e9tropoles internationales. La nouvelle adresse incarne un ensemble urbain coh\u00e9rent qui r\u00e9pond \u00e0 la fois aux attentes de la population casablancaise et aux orientations structurelles visant \u00e0 d\u00e9velopper des infrastructures aux standards internationaux. Entre quartier d\u2019affaires et complexes r\u00e9sidentiels, Casa Anfa vient, en effet, concr\u00e9tiser une vision d\u2019avenir pour le d\u00e9veloppement urbain de Casablanca. Sa r\u00e9alisation a \u00e9t\u00e9 attribu\u00e9e \u00e0 l\u2019Agence d\u2019urbanisation et de d\u00e9veloppement d\u2019Anfa (AUDA), filiale du Groupe CDG, qui agit en tant que ma\u00eetre d\u2019ouvrage g\u00e9n\u00e9ral du projet et garant de sa bonne r\u00e9alisation.<\/p>\n<p>L\u2019AUDA est ainsi en charge de l\u2019apurement du foncier, de la viabilisation du site, de l\u2019am\u00e9nagement des espaces publics et du pilotage des op\u00e9rations de d\u00e9veloppement. Situ\u00e9 au c\u0153ur de l\u2019ancien a\u00e9roport d\u2019Anfa, le projet se d\u00e9veloppe \u00e0 grands pas et ce sur une superficie de 350 hectares. L\u2019\u00e9tat d\u2019avancement de la premi\u00e8re tranche du projet qui couvre une superficie globale de 100 hectares d\u00e9montre clairement l\u2019int\u00e9r\u00eat que manifestent \u00e0 la fois les professionnels et les particuliers pour cette nouvelle adresse casablancaise. Une surface constructible de 1.200.000 m\u00e8tres carr\u00e9s a \u00e9t\u00e9 identifi\u00e9e \u00e0 ce niveau dont 700.000 m\u00e8tres carr\u00e9s de logements, 400.000 m\u00e8tres carr\u00e9s pour les bureaux et 100.000 m\u00e8tres carr\u00e9s pour les \u00e9quipements. Se r\u00e9f\u00e9rant \u00e0 l\u2019AUDA, 750.000 m\u00e8tres carr\u00e9s de la superficie constructible globale sont plac\u00e9s. On note un taux de 31% pour la composante bureaux, soit 230.000 m\u00b2 surface hors \u0153uvre net (SHON). De m\u00eame, 62% sont r\u00e9serv\u00e9s pour la composante logements, soit 460.000 m\u00b2 SHON et 8% pour les \u00e9quipements, soit 60.000 m\u00b2 SHON . Il est \u00e0 noter que la premi\u00e8re tranche du projet comprend quatre quartiers en l\u2019occurrence Anfa Clubs, Anfa Cit\u00e9 de l\u2019Air, Anfa A\u00e9ropostale ainsi qu\u2019une premi\u00e8re partie du quartier de la place financi\u00e8re. Cette zone du projet comprend \u00e9galement la premi\u00e8re tranche d\u2019Anfa Park (18 ha) en cours de finalisation.<\/p>\n<p>Le site h\u00e9berge \u00e9galement Casa Finance City dont le si\u00e8ge est en cours de finalisation. 4 chantiers de tours d\u2019institutions nationales sont actuellement en construction. Outre Casa Finance Authority d\u2019autres institutionnels ont choisi de s\u2019y implanter. Citons en l\u2019occurrence la CIMR, la BCP, Attijariwafa bank et Maroclear. En ce qui concerne les services et \u00e9quipements, deux \u00e9coles sont op\u00e9rationnelles sur la premi\u00e8re tranche de Casa Anfa. Il s\u2019agit de l\u2019Ecole fran\u00e7aise internationale de Casablanca ( EFI) ayant ouvert ses portes en septembre 2017 et le Groupe scolaire la R\u00e9sidence op\u00e9rationnel depuis septembre 2018. Cet \u00e9tablissement a obtenu deux distinctions pour sa pr\u00e9sence au sein de Casa Anfa. Le Groupe scolaire la R\u00e9sidence a \u00e9t\u00e9, en effet, prim\u00e9 \u00e0 l\u2019international par \u00abLe Green Solutions Awards 2018\u00bb, une premi\u00e8re pour un \u00e9tablissement scolaire au Maroc. Il est \u00e9galement labellis\u00e9 HQE \u00abNiveau Exceptionnel\u00bb, voire la premi\u00e8re \u00e9cole en Afrique \u00e0 obtenir cette distinction. Cette premi\u00e8re tranche du projet abritera prochainement une clinique, un centre commercial, un \u00e9tablissement d\u2019enseignement sup\u00e9rieur, des commerces de proximit\u00e9 et des h\u00f4tels.<\/p>\n<p>Auteur: ALM<br \/>\n<a href=\"http:\/\/aujourdhui.ma\/economie\/immobilier\/casa-anfa-la-premiere-tranche-prend-forme\">Cliquez ici pour lire l&rsquo;article depuis sa source.<\/a><\/p>\n","protected":false},"excerpt":{"rendered":"<p>Parfaite illustration d\u2019une nouvelle centralit\u00e9 urbaine, Casa-Anfa est sans conteste un projet avant-gardiste qui vient moderniser le paysage urbain de Casablanca, contribuant ainsi au rayonnement de la capitale \u00e9conomique en la hissant au rang des grandes m\u00e9tropoles internationales. La nouvelle adresse incarne un ensemble urbain coh\u00e9rent qui r\u00e9pond \u00e0 la fois aux attentes de la [&hellip;]<\/p>\n","protected":false},"author":1759,"featured_media":0,"comment_status":"closed","ping_status":"closed","sticky":false,"template":"","format":"standard","meta":{"fifu_image_url":"","fifu_image_alt":"","footnotes":""},"categories":[73,54],"tags":[],"class_list":["post-27559","post","type-post","status-publish","format-standard","hentry","category-actualite","category-maroc"],"_links":{"self":[{"href":"https:\/\/linitiative.ca\/International\/wp-json\/wp\/v2\/posts\/27559","targetHints":{"allow":["GET"]}}],"collection":[{"href":"https:\/\/linitiative.ca\/International\/wp-json\/wp\/v2\/posts"}],"about":[{"href":"https:\/\/linitiative.ca\/International\/wp-json\/wp\/v2\/types\/post"}],"author":[{"embeddable":true,"href":"https:\/\/linitiative.ca\/International\/wp-json\/wp\/v2\/users\/1759"}],"replies":[{"embeddable":true,"href":"https:\/\/linitiative.ca\/International\/wp-json\/wp\/v2\/comments?post=27559"}],"version-history":[{"count":0,"href":"https:\/\/linitiative.ca\/International\/wp-json\/wp\/v2\/posts\/27559\/revisions"}],"wp:attachment":[{"href":"https:\/\/linitiative.ca\/International\/wp-json\/wp\/v2\/media?parent=27559"}],"wp:term":[{"taxonomy":"category","embeddable":true,"href":"https:\/\/linitiative.ca\/International\/wp-json\/wp\/v2\/categories?post=27559"},{"taxonomy":"post_tag","embeddable":true,"href":"https:\/\/linitiative.ca\/International\/wp-json\/wp\/v2\/tags?post=27559"}],"curies":[{"name":"wp","href":"https:\/\/api.w.org\/{rel}","templated":true}]}}