{"id":27561,"date":"2019-04-13T06:00:00","date_gmt":"2019-04-13T10:00:00","guid":{"rendered":"https:\/\/linitiative.ca\/International\/deux-deces-par-le-monoxyde-de-carbone\/"},"modified":"2019-04-13T06:00:00","modified_gmt":"2019-04-13T10:00:00","slug":"deux-deces-par-le-monoxyde-de-carbone","status":"publish","type":"post","link":"https:\/\/linitiative.ca\/International\/deux-deces-par-le-monoxyde-de-carbone\/","title":{"rendered":"Deux d\u00e9c\u00e8s par le monoxyde de carbone"},"content":{"rendered":"<div id=\"originalText\" readability=\"43\">\n<p>Les \u00e9l\u00e9ments de la Protection civile d\u2019A\u00efn M&rsquo;lila sont intervenus, hier vers 8h, \u00e0 la suite du d\u00e9c\u00e8s d&rsquo;un homme et d&rsquo;une femme, asphyxi\u00e9s par le monoxyde de carbone d\u00e9gag\u00e9 par un appareil de chauffage. Selon la Protection civile, cela s&rsquo;est produit dans un appartement du troisi\u00e8me \u00e9tage d&rsquo;un immeuble situ\u00e9 \u00e0 la cit\u00e9 des 100-Logements, \u00e0 Ouled Hamla. Les deux victimes, A. B. (34 ans) et H. T. (33 ans), d\u00e9c\u00e9d\u00e9es sur les lieux, ont \u00e9t\u00e9 d\u00e9pos\u00e9es \u00e0 la morgue de l&rsquo;EPH Slimane-Amirat d&rsquo;A\u00efn M&rsquo;lila.<br \/>\u00a0<\/p>\n<p class=\"c10\"><strong>b. nacer<\/strong><\/p>\n<\/div>\n<div id=\"text_core\" readability=\"43\">\n<p>Les \u00e9l\u00e9ments de la Protection civile d\u2019A\u00efn M&rsquo;lila sont intervenus, hier vers 8h, \u00e0 la suite du d\u00e9c\u00e8s d&rsquo;un homme et d&rsquo;une femme, asphyxi\u00e9s par le monoxyde de carbone d\u00e9gag\u00e9 par un appareil de chauffage. Selon la Protection civile, cela s&rsquo;est produit dans un appartement du troisi\u00e8me \u00e9tage d&rsquo;un immeuble situ\u00e9 \u00e0 la cit\u00e9 des 100-Logements, \u00e0 Ouled Hamla. Les deux victimes, A. B. (34 ans) et H. T. (33 ans), d\u00e9c\u00e9d\u00e9es sur les lieux, ont \u00e9t\u00e9 d\u00e9pos\u00e9es \u00e0 la morgue de l&rsquo;EPH Slimane-Amirat d&rsquo;A\u00efn M&rsquo;lila.<br \/>\u00a0<\/p>\n<p class=\"c10\"><strong>b. nacer<\/strong><\/p>\n<\/div>\n<p>Auteur:<br \/>\n<a href=\"https:\/\/www.liberte-algerie.com\/actualite\/deux-deces-par-le-monoxyde-de-carbone-313656\">Cliquez ici pour lire l&rsquo;article depuis sa source.<\/a><\/p>\n","protected":false},"excerpt":{"rendered":"<p>Les \u00e9l\u00e9ments de la Protection civile d\u2019A\u00efn M&rsquo;lila sont intervenus, hier vers 8h, \u00e0 la suite du d\u00e9c\u00e8s d&rsquo;un homme et d&rsquo;une femme, asphyxi\u00e9s par le monoxyde de carbone d\u00e9gag\u00e9 par un appareil de chauffage. Selon la Protection civile, cela s&rsquo;est produit dans un appartement du troisi\u00e8me \u00e9tage d&rsquo;un immeuble situ\u00e9 \u00e0 la cit\u00e9 des [&hellip;]<\/p>\n","protected":false},"author":1742,"featured_media":0,"comment_status":"closed","ping_status":"closed","sticky":false,"template":"","format":"standard","meta":{"fifu_image_url":"","fifu_image_alt":"","footnotes":""},"categories":[73,53],"tags":[],"class_list":["post-27561","post","type-post","status-publish","format-standard","hentry","category-actualite","category-algerie"],"_links":{"self":[{"href":"https:\/\/linitiative.ca\/International\/wp-json\/wp\/v2\/posts\/27561","targetHints":{"allow":["GET"]}}],"collection":[{"href":"https:\/\/linitiative.ca\/International\/wp-json\/wp\/v2\/posts"}],"about":[{"href":"https:\/\/linitiative.ca\/International\/wp-json\/wp\/v2\/types\/post"}],"author":[{"embeddable":true,"href":"https:\/\/linitiative.ca\/International\/wp-json\/wp\/v2\/users\/1742"}],"replies":[{"embeddable":true,"href":"https:\/\/linitiative.ca\/International\/wp-json\/wp\/v2\/comments?post=27561"}],"version-history":[{"count":0,"href":"https:\/\/linitiative.ca\/International\/wp-json\/wp\/v2\/posts\/27561\/revisions"}],"wp:attachment":[{"href":"https:\/\/linitiative.ca\/International\/wp-json\/wp\/v2\/media?parent=27561"}],"wp:term":[{"taxonomy":"category","embeddable":true,"href":"https:\/\/linitiative.ca\/International\/wp-json\/wp\/v2\/categories?post=27561"},{"taxonomy":"post_tag","embeddable":true,"href":"https:\/\/linitiative.ca\/International\/wp-json\/wp\/v2\/tags?post=27561"}],"curies":[{"name":"wp","href":"https:\/\/api.w.org\/{rel}","templated":true}]}}