{"id":27562,"date":"2019-04-13T06:00:00","date_gmt":"2019-04-13T10:00:00","guid":{"rendered":"https:\/\/linitiative.ca\/International\/greve-et-rassemblements-au-niveau-national\/"},"modified":"2019-04-13T06:00:00","modified_gmt":"2019-04-13T10:00:00","slug":"greve-et-rassemblements-au-niveau-national","status":"publish","type":"post","link":"https:\/\/linitiative.ca\/International\/greve-et-rassemblements-au-niveau-national\/","title":{"rendered":"Gr\u00e8ve et rassemblements au niveau national"},"content":{"rendered":"<div id=\"originalText\" readability=\"51\">\n<p>R\u00e9unie en son si\u00e8ge, hier, \u00e0 la Cour supr\u00eame, l\u2019Union nationale des ordres des avocats a d\u00e9cid\u00e9 de boycotter les activit\u00e9s judiciaires les 17 et 18, puis les 21 et 22 avril, \u00e0 l\u2019exception des affaires d\u00e9j\u00e0 programm\u00e9es pr\u00e9alablement pour ne pas p\u00e9naliser les justiciables. L\u2019Union nationale des ordres des avocats a \u00e9galement annonc\u00e9 des rassemblements au niveau national devant les cours de justice les 17 et 21 avril \u00e0 10h du matin.\u00a0<\/p>\n<p>Cette organisation, qui a r\u00e9it\u00e9r\u00e9 son soutien au mouvement populaire, consid\u00e8re que la crise actuelle est politique et non constitutionnelle. \u201cIl faut trouver des solutions en phase avec les demandes du peuple, \u00e0 commencer par l\u2019instauration d\u2019une p\u00e9riode de transition conduite par des personnalit\u00e9s consensuelles\u201d, peut-on lire dans le communiqu\u00e9 sanctionnant cette rencontre. L\u2019Union nationale des ordres des avocats estime que \u201cle scrutin pr\u00e9sidentiel du 4 juillet, qui sera conduit par un gouvernement rejet\u00e9 par le peuple et dans le cadre des lois actuelles, ne peut garantir une transition d\u00e9mocratique\u201d.<br \/>\u00a0<\/p>\n<p class=\"c10\"><strong>Nissa Hammadi<\/strong><\/p>\n<\/div>\n<div id=\"text_core\" readability=\"51\">\n<p>R\u00e9unie en son si\u00e8ge, hier, \u00e0 la Cour supr\u00eame, l\u2019Union nationale des ordres des avocats a d\u00e9cid\u00e9 de boycotter les activit\u00e9s judiciaires les 17 et 18, puis les 21 et 22 avril, \u00e0 l\u2019exception des affaires d\u00e9j\u00e0 programm\u00e9es pr\u00e9alablement pour ne pas p\u00e9naliser les justiciables. L\u2019Union nationale des ordres des avocats a \u00e9galement annonc\u00e9 des rassemblements au niveau national devant les cours de justice les 17 et 21 avril \u00e0 10h du matin.\u00a0<\/p>\n<p>Cette organisation, qui a r\u00e9it\u00e9r\u00e9 son soutien au mouvement populaire, consid\u00e8re que la crise actuelle est politique et non constitutionnelle. \u201cIl faut trouver des solutions en phase avec les demandes du peuple, \u00e0 commencer par l\u2019instauration d\u2019une p\u00e9riode de transition conduite par des personnalit\u00e9s consensuelles\u201d, peut-on lire dans le communiqu\u00e9 sanctionnant cette rencontre. L\u2019Union nationale des ordres des avocats estime que \u201cle scrutin pr\u00e9sidentiel du 4 juillet, qui sera conduit par un gouvernement rejet\u00e9 par le peuple et dans le cadre des lois actuelles, ne peut garantir une transition d\u00e9mocratique\u201d.<br \/>\u00a0<\/p>\n<p class=\"c10\"><strong>Nissa Hammadi<\/strong><\/p>\n<\/div>\n<p>Auteur:<br \/>\n<a href=\"https:\/\/www.liberte-algerie.com\/actualite\/greve-et-rassemblements-au-niveau-national-313655\">Cliquez ici pour lire l&rsquo;article depuis sa source.<\/a><\/p>\n","protected":false},"excerpt":{"rendered":"<p>R\u00e9unie en son si\u00e8ge, hier, \u00e0 la Cour supr\u00eame, l\u2019Union nationale des ordres des avocats a d\u00e9cid\u00e9 de boycotter les activit\u00e9s judiciaires les 17 et 18, puis les 21 et 22 avril, \u00e0 l\u2019exception des affaires d\u00e9j\u00e0 programm\u00e9es pr\u00e9alablement pour ne pas p\u00e9naliser les justiciables. L\u2019Union nationale des ordres des avocats a \u00e9galement annonc\u00e9 des [&hellip;]<\/p>\n","protected":false},"author":1742,"featured_media":0,"comment_status":"closed","ping_status":"closed","sticky":false,"template":"","format":"standard","meta":{"fifu_image_url":"","fifu_image_alt":"","footnotes":""},"categories":[73,53],"tags":[],"class_list":["post-27562","post","type-post","status-publish","format-standard","hentry","category-actualite","category-algerie"],"_links":{"self":[{"href":"https:\/\/linitiative.ca\/International\/wp-json\/wp\/v2\/posts\/27562","targetHints":{"allow":["GET"]}}],"collection":[{"href":"https:\/\/linitiative.ca\/International\/wp-json\/wp\/v2\/posts"}],"about":[{"href":"https:\/\/linitiative.ca\/International\/wp-json\/wp\/v2\/types\/post"}],"author":[{"embeddable":true,"href":"https:\/\/linitiative.ca\/International\/wp-json\/wp\/v2\/users\/1742"}],"replies":[{"embeddable":true,"href":"https:\/\/linitiative.ca\/International\/wp-json\/wp\/v2\/comments?post=27562"}],"version-history":[{"count":0,"href":"https:\/\/linitiative.ca\/International\/wp-json\/wp\/v2\/posts\/27562\/revisions"}],"wp:attachment":[{"href":"https:\/\/linitiative.ca\/International\/wp-json\/wp\/v2\/media?parent=27562"}],"wp:term":[{"taxonomy":"category","embeddable":true,"href":"https:\/\/linitiative.ca\/International\/wp-json\/wp\/v2\/categories?post=27562"},{"taxonomy":"post_tag","embeddable":true,"href":"https:\/\/linitiative.ca\/International\/wp-json\/wp\/v2\/tags?post=27562"}],"curies":[{"name":"wp","href":"https:\/\/api.w.org\/{rel}","templated":true}]}}