{"id":27563,"date":"2019-04-13T06:00:00","date_gmt":"2019-04-13T10:00:00","guid":{"rendered":"https:\/\/linitiative.ca\/International\/le-club-des-magistrats-libres-boycottera-tout-le-processus\/"},"modified":"2019-04-13T06:00:00","modified_gmt":"2019-04-13T10:00:00","slug":"le-club-des-magistrats-libres-boycottera-tout-le-processus","status":"publish","type":"post","link":"https:\/\/linitiative.ca\/International\/le-club-des-magistrats-libres-boycottera-tout-le-processus\/","title":{"rendered":"Le Club des magistrats libres boycottera \u201ctout le processus\u201d"},"content":{"rendered":"<div id=\"originalText\" readability=\"45\">\n<p>Le Club des magistrats libres a annonc\u00e9, hier, que ses membres boycotteront tout le processus de l\u2019\u00e9lection pr\u00e9sidentielle annonc\u00e9e pour le 4 juillet prochain, en soutien aux revendications du mouvement populaire.<br \/>Le boycott concernera, selon le Club des magistrats libres, dans une premi\u00e8re phase, l\u2019op\u00e9ration de r\u00e9vision exceptionnelle des listes \u00e9lectorales qui sera entreprise par les autorit\u00e9s, tr\u00e8s prochainement.<br \/>Les juges ont \u00e9galement d\u00e9cid\u00e9 de ne pas assurer le contr\u00f4le de l\u2019\u00e9lection pr\u00e9sidentielle, une \u00e9ch\u00e9ance, indiquent-ils, rejet\u00e9e par le mouvement populaire.<\/p>\n<p class=\"c10\"><strong>R. N.<\/strong><\/p>\n<\/div>\n<div id=\"text_core\" readability=\"45\">\n<p>Le Club des magistrats libres a annonc\u00e9, hier, que ses membres boycotteront tout le processus de l\u2019\u00e9lection pr\u00e9sidentielle annonc\u00e9e pour le 4 juillet prochain, en soutien aux revendications du mouvement populaire.<br \/>Le boycott concernera, selon le Club des magistrats libres, dans une premi\u00e8re phase, l\u2019op\u00e9ration de r\u00e9vision exceptionnelle des listes \u00e9lectorales qui sera entreprise par les autorit\u00e9s, tr\u00e8s prochainement.<br \/>Les juges ont \u00e9galement d\u00e9cid\u00e9 de ne pas assurer le contr\u00f4le de l\u2019\u00e9lection pr\u00e9sidentielle, une \u00e9ch\u00e9ance, indiquent-ils, rejet\u00e9e par le mouvement populaire.<\/p>\n<p class=\"c10\"><strong>R. N.<\/strong><\/p>\n<\/div>\n<p>Auteur:<br \/>\n<a href=\"https:\/\/www.liberte-algerie.com\/actualite\/le-club-des-magistrats-libres-boycottera-tout-le-processus-313654\">Cliquez ici pour lire l&rsquo;article depuis sa source.<\/a><\/p>\n","protected":false},"excerpt":{"rendered":"<p>Le Club des magistrats libres a annonc\u00e9, hier, que ses membres boycotteront tout le processus de l\u2019\u00e9lection pr\u00e9sidentielle annonc\u00e9e pour le 4 juillet prochain, en soutien aux revendications du mouvement populaire.Le boycott concernera, selon le Club des magistrats libres, dans une premi\u00e8re phase, l\u2019op\u00e9ration de r\u00e9vision exceptionnelle des listes \u00e9lectorales qui sera entreprise par les [&hellip;]<\/p>\n","protected":false},"author":1742,"featured_media":0,"comment_status":"closed","ping_status":"closed","sticky":false,"template":"","format":"standard","meta":{"fifu_image_url":"","fifu_image_alt":"","footnotes":""},"categories":[73,53],"tags":[],"class_list":["post-27563","post","type-post","status-publish","format-standard","hentry","category-actualite","category-algerie"],"_links":{"self":[{"href":"https:\/\/linitiative.ca\/International\/wp-json\/wp\/v2\/posts\/27563","targetHints":{"allow":["GET"]}}],"collection":[{"href":"https:\/\/linitiative.ca\/International\/wp-json\/wp\/v2\/posts"}],"about":[{"href":"https:\/\/linitiative.ca\/International\/wp-json\/wp\/v2\/types\/post"}],"author":[{"embeddable":true,"href":"https:\/\/linitiative.ca\/International\/wp-json\/wp\/v2\/users\/1742"}],"replies":[{"embeddable":true,"href":"https:\/\/linitiative.ca\/International\/wp-json\/wp\/v2\/comments?post=27563"}],"version-history":[{"count":0,"href":"https:\/\/linitiative.ca\/International\/wp-json\/wp\/v2\/posts\/27563\/revisions"}],"wp:attachment":[{"href":"https:\/\/linitiative.ca\/International\/wp-json\/wp\/v2\/media?parent=27563"}],"wp:term":[{"taxonomy":"category","embeddable":true,"href":"https:\/\/linitiative.ca\/International\/wp-json\/wp\/v2\/categories?post=27563"},{"taxonomy":"post_tag","embeddable":true,"href":"https:\/\/linitiative.ca\/International\/wp-json\/wp\/v2\/tags?post=27563"}],"curies":[{"name":"wp","href":"https:\/\/api.w.org\/{rel}","templated":true}]}}