{"id":27566,"date":"2019-04-13T07:19:00","date_gmt":"2019-04-13T11:19:00","guid":{"rendered":"https:\/\/linitiative.ca\/International\/les-juges-et-les-avocats-annoncent-le-boycott-de-la-presidentielle\/"},"modified":"2019-04-13T07:19:00","modified_gmt":"2019-04-13T11:19:00","slug":"les-juges-et-les-avocats-annoncent-le-boycott-de-la-presidentielle","status":"publish","type":"post","link":"https:\/\/linitiative.ca\/International\/les-juges-et-les-avocats-annoncent-le-boycott-de-la-presidentielle\/","title":{"rendered":"Les juges et les avocats annoncent le boycott de la pr\u00e9sidentielle"},"content":{"rendered":"<div id=\"originalText\" readability=\"51\">\n<p class=\"c10\">Les magistrats et les avocats observent, ce samedi, un sit-in devant le minist\u00e8re de la Justice, sis \u00e0 El Biar, sur les hauteurs d&rsquo;Alger, pour annoncer \u00ab\u00a0le boycott de la supervision de l\u2019\u00e9lection pr\u00e9sidentielle du 4 juillet\u00a0\u00bb.<\/p>\n<p>Venus nombreux, les juges et les robes noires ont exig\u00e9 \u00e9galement \u00ab\u00a0l&rsquo;ind\u00e9pendance de la justice, afin de garantir la consolidation d&rsquo;un \u00c9tat de droit\u00a0\u00bb.\u00a0<br \/>Plusieurs slogans ont \u00e9t\u00e9 scand\u00e9s, \u00e0 l&rsquo;exemple de \u00ab\u00a0justice libre et juste\u00a0\u00bb et \u00ab\u00a0ind\u00e9pendance du pourvoir judiciaire\u00a0\u00bb.<br \/>\u00a0<br \/>Pour rappel, plusieurs sit-in ont \u00e9t\u00e9 organis\u00e9s par les magistrats, les greffiers et les avocats, depuis le d\u00e9but des manifestations, pour exprimer leur solidarit\u00e9 avec le mouvement populaire et d\u00e9noncer \u00ables arrestations arbitraires de manifestants pacifiques \u00bb.<\/p>\n<p><iframe loading=\"lazy\" allowfullscreen=\"true\" allowtransparency=\"true\" frameborder=\"0\" height=\"315\" scrolling=\"no\" src=\"https:\/\/www.facebook.com\/plugins\/video.php?href=https%3A%2F%2Fwww.facebook.com%2FMusBastami%2Fvideos%2F2480607268616382%2F&#038;show_text=0&#038;width=560\" class=\"c11\" width=\"560\">[embedded content]<\/iframe><\/p>\n<p class=\"c12\"><strong>Im\u00e8ne AMOKRANE<\/strong><\/p>\n<\/div>\n<div id=\"text_core\" readability=\"51\">\n<p class=\"c10\">Les magistrats et les avocats observent, ce samedi, un sit-in devant le minist\u00e8re de la Justice, sis \u00e0 El Biar, sur les hauteurs d&rsquo;Alger, pour annoncer \u00ab\u00a0le boycott de la supervision de l\u2019\u00e9lection pr\u00e9sidentielle du 4 juillet\u00a0\u00bb.<\/p>\n<p>Venus nombreux, les juges et les robes noires ont exig\u00e9 \u00e9galement \u00ab\u00a0l&rsquo;ind\u00e9pendance de la justice, afin de garantir la consolidation d&rsquo;un \u00c9tat de droit\u00a0\u00bb.\u00a0<br \/>Plusieurs slogans ont \u00e9t\u00e9 scand\u00e9s, \u00e0 l&rsquo;exemple de \u00ab\u00a0justice libre et juste\u00a0\u00bb et \u00ab\u00a0ind\u00e9pendance du pourvoir judiciaire\u00a0\u00bb.<br \/>\u00a0<br \/>Pour rappel, plusieurs sit-in ont \u00e9t\u00e9 organis\u00e9s par les magistrats, les greffiers et les avocats, depuis le d\u00e9but des manifestations, pour exprimer leur solidarit\u00e9 avec le mouvement populaire et d\u00e9noncer \u00ables arrestations arbitraires de manifestants pacifiques \u00bb.<\/p>\n<p><iframe loading=\"lazy\" allowfullscreen=\"true\" allowtransparency=\"true\" frameborder=\"0\" height=\"315\" scrolling=\"no\" src=\"https:\/\/www.facebook.com\/plugins\/video.php?href=https%3A%2F%2Fwww.facebook.com%2FMusBastami%2Fvideos%2F2480607268616382%2F&#038;show_text=0&#038;width=560\" class=\"c11\" width=\"560\">[embedded content]<\/iframe><\/p>\n<p class=\"c12\"><strong>Im\u00e8ne AMOKRANE<\/strong><\/p>\n<\/div>\n<p>Auteur:<br \/>\n<a href=\"https:\/\/www.liberte-algerie.com\/actualite\/les-juges-et-les-avocats-annoncent-le-boycott-de-la-presidentielle-313741\">Cliquez ici pour lire l&rsquo;article depuis sa source.<\/a><\/p>\n","protected":false},"excerpt":{"rendered":"<p>Les magistrats et les avocats observent, ce samedi, un sit-in devant le minist\u00e8re de la Justice, sis \u00e0 El Biar, sur les hauteurs d&rsquo;Alger, pour annoncer \u00ab\u00a0le boycott de la supervision de l\u2019\u00e9lection pr\u00e9sidentielle du 4 juillet\u00a0\u00bb. Venus nombreux, les juges et les robes noires ont exig\u00e9 \u00e9galement \u00ab\u00a0l&rsquo;ind\u00e9pendance de la justice, afin de garantir [&hellip;]<\/p>\n","protected":false},"author":1742,"featured_media":0,"comment_status":"closed","ping_status":"closed","sticky":false,"template":"","format":"standard","meta":{"fifu_image_url":"","fifu_image_alt":"","footnotes":""},"categories":[73,53],"tags":[],"class_list":["post-27566","post","type-post","status-publish","format-standard","hentry","category-actualite","category-algerie"],"_links":{"self":[{"href":"https:\/\/linitiative.ca\/International\/wp-json\/wp\/v2\/posts\/27566","targetHints":{"allow":["GET"]}}],"collection":[{"href":"https:\/\/linitiative.ca\/International\/wp-json\/wp\/v2\/posts"}],"about":[{"href":"https:\/\/linitiative.ca\/International\/wp-json\/wp\/v2\/types\/post"}],"author":[{"embeddable":true,"href":"https:\/\/linitiative.ca\/International\/wp-json\/wp\/v2\/users\/1742"}],"replies":[{"embeddable":true,"href":"https:\/\/linitiative.ca\/International\/wp-json\/wp\/v2\/comments?post=27566"}],"version-history":[{"count":0,"href":"https:\/\/linitiative.ca\/International\/wp-json\/wp\/v2\/posts\/27566\/revisions"}],"wp:attachment":[{"href":"https:\/\/linitiative.ca\/International\/wp-json\/wp\/v2\/media?parent=27566"}],"wp:term":[{"taxonomy":"category","embeddable":true,"href":"https:\/\/linitiative.ca\/International\/wp-json\/wp\/v2\/categories?post=27566"},{"taxonomy":"post_tag","embeddable":true,"href":"https:\/\/linitiative.ca\/International\/wp-json\/wp\/v2\/tags?post=27566"}],"curies":[{"name":"wp","href":"https:\/\/api.w.org\/{rel}","templated":true}]}}