{"id":27579,"date":"2019-04-12T17:45:00","date_gmt":"2019-04-12T21:45:00","guid":{"rendered":"https:\/\/linitiative.ca\/International\/session-extraordinaire-du-conseil-de-loriental-les-points-inscrits-a-lordre-du-jour-approuves\/"},"modified":"2019-04-12T17:45:00","modified_gmt":"2019-04-12T21:45:00","slug":"session-extraordinaire-du-conseil-de-loriental-les-points-inscrits-a-lordre-du-jour-approuves","status":"publish","type":"post","link":"https:\/\/linitiative.ca\/International\/session-extraordinaire-du-conseil-de-loriental-les-points-inscrits-a-lordre-du-jour-approuves\/","title":{"rendered":"Session extraordinaire du Conseil de l\u2019Oriental : les points inscrits \u00e0 l\u2019ordre du jour approuv\u00e9s"},"content":{"rendered":"<p><iframe loading=\"lazy\" width=\"1170\" height=\"658\" src=\"https:\/\/www.youtube.com\/embed\/fTYfaFAe6bs?feature=oembed\" frameborder=\"0\" allow=\"accelerometer; autoplay; encrypted-media; gyroscope; picture-in-picture\" allowfullscreen=\"\">[embedded content]<\/iframe><\/p>\n<div class=\"single-post-excerpt post-excerpt-bc\" readability=\"38\">\n<p>Le Conseil de la r\u00e9gion de l\u2019Oriental, r\u00e9uni en session extraordinaire, approuve tous les points inscrits \u00e0 l\u2019ordre du jour, dont deux portent sur les pr\u00e9paratifs de la r\u00e9gion pour participer aux 3\u00e8me Assises nationales sur la fiscalit\u00e9 et \u00e0 la Rencontre nationale sur la formation et l\u2019emploi.<\/p>\n<\/div>\n<p>Auteur: Soufiane ELAHMAR<br \/>\n<a href=\"http:\/\/www.mapoujda.ma\/fr\/session-extraordinaire-du-conseil-de-loriental-les-points-inscrits-a-lordre-du-jour-approuves-2\/\">Cliquez ici pour lire l&rsquo;article depuis sa source.<\/a><\/p>\n","protected":false},"excerpt":{"rendered":"<p>[embedded content] Le Conseil de la r\u00e9gion de l\u2019Oriental, r\u00e9uni en session extraordinaire, approuve tous les points inscrits \u00e0 l\u2019ordre du jour, dont deux portent sur les pr\u00e9paratifs de la r\u00e9gion pour participer aux 3\u00e8me Assises nationales sur la fiscalit\u00e9 et \u00e0 la Rencontre nationale sur la formation et l\u2019emploi. Auteur: Soufiane ELAHMAR Cliquez ici [&hellip;]<\/p>\n","protected":false},"author":1788,"featured_media":0,"comment_status":"closed","ping_status":"closed","sticky":false,"template":"","format":"standard","meta":{"fifu_image_url":"","fifu_image_alt":"","footnotes":""},"categories":[54,76],"tags":[],"class_list":["post-27579","post","type-post","status-publish","format-standard","hentry","category-maroc","category-regions"],"_links":{"self":[{"href":"https:\/\/linitiative.ca\/International\/wp-json\/wp\/v2\/posts\/27579","targetHints":{"allow":["GET"]}}],"collection":[{"href":"https:\/\/linitiative.ca\/International\/wp-json\/wp\/v2\/posts"}],"about":[{"href":"https:\/\/linitiative.ca\/International\/wp-json\/wp\/v2\/types\/post"}],"author":[{"embeddable":true,"href":"https:\/\/linitiative.ca\/International\/wp-json\/wp\/v2\/users\/1788"}],"replies":[{"embeddable":true,"href":"https:\/\/linitiative.ca\/International\/wp-json\/wp\/v2\/comments?post=27579"}],"version-history":[{"count":0,"href":"https:\/\/linitiative.ca\/International\/wp-json\/wp\/v2\/posts\/27579\/revisions"}],"wp:attachment":[{"href":"https:\/\/linitiative.ca\/International\/wp-json\/wp\/v2\/media?parent=27579"}],"wp:term":[{"taxonomy":"category","embeddable":true,"href":"https:\/\/linitiative.ca\/International\/wp-json\/wp\/v2\/categories?post=27579"},{"taxonomy":"post_tag","embeddable":true,"href":"https:\/\/linitiative.ca\/International\/wp-json\/wp\/v2\/tags?post=27579"}],"curies":[{"name":"wp","href":"https:\/\/api.w.org\/{rel}","templated":true}]}}