{"id":27580,"date":"2019-04-12T18:55:31","date_gmt":"2019-04-12T22:55:31","guid":{"rendered":"https:\/\/linitiative.ca\/International\/oujda-le-festival-national-de-la-competition-culturelle-recompense-les-eleves-gagnants\/"},"modified":"2019-04-12T18:55:31","modified_gmt":"2019-04-12T22:55:31","slug":"oujda-le-festival-national-de-la-competition-culturelle-recompense-les-eleves-gagnants","status":"publish","type":"post","link":"https:\/\/linitiative.ca\/International\/oujda-le-festival-national-de-la-competition-culturelle-recompense-les-eleves-gagnants\/","title":{"rendered":"Oujda: Le festival national de la \u00ab\u00a0comp\u00e9tition culturelle\u00a0\u00bb r\u00e9compense les \u00e9l\u00e8ves gagnants"},"content":{"rendered":"<div readability=\"36\">\n<p>La premi\u00e8re \u00e9dition du festival national de la \u00ab\u00a0comp\u00e9tition culturelle\u00a0\u00bb organis\u00e9e par l\u2019Acad\u00e9mie r\u00e9gionale de l\u2019Education et de la formation (AREF) de l\u2019Oriental a pris fin, vendredi \u00e0 Oujda, par une c\u00e9r\u00e9monie grandiose r\u00e9compensant les \u00e9l\u00e8ves gagnants.<\/p>\n<\/div>\n<div readability=\"78\">\n<p>Initi\u00e9e sous le signe de \u00ab\u00a0l\u2019\u00e9cole citoyenne\u00a0\u00bb, cette manifestation (9-12 avril) s\u2019inscrit dans le sillage de l\u2019op\u00e9rationnalisation du cadre r\u00e9f\u00e9rentiel concernant la mise en r\u00e9seau des acad\u00e9mies r\u00e9gionales de l\u2019\u00e9ducation et de la formation autour des th\u00e9matiques de la culture, de l\u2019art et de la cr\u00e9ativit\u00e9.<\/p>\n<p>L\u2019objectif \u00e9tant de faire des \u00e9tablissements scolaires un espace attractif pour le d\u00e9veloppement de l\u2019action \u00e9ducative et de la vie scolaire et leur modernisation, eu \u00e9gard \u00e0 l\u2019importance des activit\u00e9s culturelles et leurs impacts positifs sur le rendement scolaire pour les apprenants et les apprenantes.<\/p>\n<p>Cet \u00e9v\u00e9nement \u00e9ducatif a \u00e9t\u00e9 couronn\u00e9 par la remise des prix aux meilleurs \u00e9l\u00e8ves dans les cinq cat\u00e9gories de la comp\u00e9tition qui a r\u00e9uni des concurrents relevant des diff\u00e9rentes AREF du Royaume et repr\u00e9sentant les classes int\u00e9gr\u00e9es, les classes de l\u2019\u00e9ducation non formelle, de l\u2019enseignement primaire, coll\u00e9gial et du secondaire coll\u00e9gial.<\/p>\n<p>Intervenant \u00e0 cette occasion, le Directeur charg\u00e9 de la vie scolaire au minist\u00e8re de l\u2019Education nationale, Aziz Nahya, a relev\u00e9 que la comp\u00e9tition culturelle, comme toute autre activit\u00e9 scolaire, constitue un v\u00e9ritable moyen pour la mise en oeuvre effective de la vision strat\u00e9gique 2015-2030 pour la r\u00e9forme du syst\u00e8me \u00e9ducatif.<\/p>\n<p>L\u2019organisation de ce genre de manifestations a pour objectif aussi de permettre \u00e0 l\u2019\u00e9cole de jouer pleinement son r\u00f4le dans la r\u00e9alisation de l\u2019int\u00e9gration culturelle, outre la promotion de l\u2019ouverture des \u00e9tablissements scolaires sur leur environnement social, culturel et \u00e9conomique, et l\u2019encouragement de l\u2019\u00e9panouissement des talents et des potentiels dans les diff\u00e9rents domaines, a-t-il ajout\u00e9.<\/p>\n<p>De son c\u00f4t\u00e9, le Directeur de l\u2019RAEF de l\u2019Oriental, Mohamed Dib, a estim\u00e9 que cette manifestation qui a permis aux \u00e9l\u00e8ves de d\u00e9velopper et de mettre en avant leurs connaissances et leurs comp\u00e9tences, a pour but d\u2019encourager la culture de l\u2019excellence.<\/p>\n<\/div>\n<p>Auteur: Soufiane ELAHMAR<br \/>\n<a href=\"http:\/\/www.mapoujda.ma\/fr\/oujda-le-festival-national-de-la-competition-culturelle-recompense-les-eleves-gagnants\/\">Cliquez ici pour lire l&rsquo;article depuis sa source.<\/a><\/p>\n","protected":false},"excerpt":{"rendered":"<p>La premi\u00e8re \u00e9dition du festival national de la \u00ab\u00a0comp\u00e9tition culturelle\u00a0\u00bb organis\u00e9e par l\u2019Acad\u00e9mie r\u00e9gionale de l\u2019Education et de la formation (AREF) de l\u2019Oriental a pris fin, vendredi \u00e0 Oujda, par une c\u00e9r\u00e9monie grandiose r\u00e9compensant les \u00e9l\u00e8ves gagnants. Initi\u00e9e sous le signe de \u00ab\u00a0l\u2019\u00e9cole citoyenne\u00a0\u00bb, cette manifestation (9-12 avril) s\u2019inscrit dans le sillage de l\u2019op\u00e9rationnalisation du [&hellip;]<\/p>\n","protected":false},"author":1788,"featured_media":0,"comment_status":"closed","ping_status":"closed","sticky":false,"template":"","format":"standard","meta":{"fifu_image_url":"","fifu_image_alt":"","footnotes":""},"categories":[54,76],"tags":[],"class_list":["post-27580","post","type-post","status-publish","format-standard","hentry","category-maroc","category-regions"],"_links":{"self":[{"href":"https:\/\/linitiative.ca\/International\/wp-json\/wp\/v2\/posts\/27580","targetHints":{"allow":["GET"]}}],"collection":[{"href":"https:\/\/linitiative.ca\/International\/wp-json\/wp\/v2\/posts"}],"about":[{"href":"https:\/\/linitiative.ca\/International\/wp-json\/wp\/v2\/types\/post"}],"author":[{"embeddable":true,"href":"https:\/\/linitiative.ca\/International\/wp-json\/wp\/v2\/users\/1788"}],"replies":[{"embeddable":true,"href":"https:\/\/linitiative.ca\/International\/wp-json\/wp\/v2\/comments?post=27580"}],"version-history":[{"count":0,"href":"https:\/\/linitiative.ca\/International\/wp-json\/wp\/v2\/posts\/27580\/revisions"}],"wp:attachment":[{"href":"https:\/\/linitiative.ca\/International\/wp-json\/wp\/v2\/media?parent=27580"}],"wp:term":[{"taxonomy":"category","embeddable":true,"href":"https:\/\/linitiative.ca\/International\/wp-json\/wp\/v2\/categories?post=27580"},{"taxonomy":"post_tag","embeddable":true,"href":"https:\/\/linitiative.ca\/International\/wp-json\/wp\/v2\/tags?post=27580"}],"curies":[{"name":"wp","href":"https:\/\/api.w.org\/{rel}","templated":true}]}}