{"id":27587,"date":"2019-04-13T15:14:33","date_gmt":"2019-04-13T19:14:33","guid":{"rendered":"https:\/\/linitiative.ca\/International\/ligue-1-2-ess-saad-exclu-du-club\/"},"modified":"2019-04-13T15:14:33","modified_gmt":"2019-04-13T19:14:33","slug":"ligue-1-2-ess-saad-exclu-du-club","status":"publish","type":"post","link":"https:\/\/linitiative.ca\/International\/ligue-1-2-ess-saad-exclu-du-club\/","title":{"rendered":"Ligue 1 &amp; 2 : ESS : Sa\u00e2d exclu du club"},"content":{"rendered":"<div readability=\"32\">\n<p>Auteur : <span>Akram F.<\/span> <span class=\"time\">samedi 13 avril 2019 10:58<\/span><\/p>\n<\/div>\n<div id=\"post_core\" readability=\"84\">\n<p>Le cas du d\u00e9fenseur s\u00e9tifien Sa\u00e2d, qui a \u00e9t\u00e9 renvoy\u00e9 de l\u2019h\u00f4tel o\u00f9 il r\u00e9sidait et qui est rentr\u00e9 chez lui \u00e0 Bel-Abb\u00e8s, a connu du nouveau hier avec la d\u00e9cision de Hassan Hammar de l\u2019exclure d\u00e9finitivement du club. C\u2019est une suite logique \u00e0 ce qui s\u2019est pass\u00e9 ces derni\u00e8res 24 heures, d\u2019autant que le joueur, au lieu de rester \u00e0 S\u00e9tif pour au moins discuter du probl\u00e8me avec sa direction, a d\u00e9cid\u00e9 de boycotter les entra\u00eenements et de rentrer chez lui. En plus, c\u2019est la \u00e9ni\u00e8me fois o\u00f9 Sa\u00e2d a recours \u00e0 ce genre de comportement, c\u2019est-\u00e0-dire de prendre ses bagages et de rentrer chez lui. Le pr\u00e9sident de l\u2019ESS, qui en a eu marre de ses sautes d\u2019humeur, a donc d\u00e9cid\u00e9 de mettre d\u00e9finitivement un terme \u00e0 ce feuilleton qui dure depuis la saison pass\u00e9e. Le premier responsable du club a m\u00eame inform\u00e9 l\u2019entra\u00eeneur Nabil Neghiz et le manager Far\u00e8s Fellahi de sa d\u00e9cision en leur demandant de ne plus compter sur lui et de lui interdire de s\u2019entra\u00eener avec le groupe. Si l\u2019on se fie \u00e0 cette d\u00e9cision, An\u00e8s Sa\u00e2d ne fait plus partie de l\u2019effectif s\u00e9tifien. Mais il faut savoir que le joueur est li\u00e9 au club avec un contrat en bonne et due forme et normalement, son exclusion doit lui \u00eatre notifi\u00e9e avant de proc\u00e9der \u00e0 la r\u00e9siliation de son contrat. Mais nous sommes s\u00fbrs que cela ne va pas se passer ainsi. On va certainement se contenter de l\u2019\u00e9carter du groupe comme mesure disciplinaire avant de remettre le dossier sur la table \u00e0 la fin de la saison pour discuter de la mani\u00e8re avec laquelle Sa\u00e2d quittera l\u2019Entente.<\/p>\n<p><strong>C\u2019est la direction qui lui a r\u00e9serv\u00e9 \u00e0 l\u2019h\u00f4tel, elle est en partie responsable<\/strong><br \/>Comme nous l\u2019expliquions hier, c\u2019est cette facture d\u2019h\u00f4tel de l\u2019ordre de 139 millions qui a \u00e9t\u00e9 cette fois-ci \u00e0 l\u2019origine du conflit, et d\u2019apr\u00e8s ce que nous avons pu savoir, c\u2019est la direction du club qui l\u2019a orient\u00e9 vers l\u2019h\u00f4tel o\u00f9 il devait r\u00e9sider apr\u00e8s avoir demand\u00e9 \u00e0 la direction de l\u2019\u00e9tablissement de lui r\u00e9server une chambre simple. Mais le joueur a opt\u00e9 pour une chambre avec plus de confort, plus spacieuse, une suite apparemment, et donc plus ch\u00e8re. La direction de l\u2019ESS a donc une part de responsabilit\u00e9 dans ce qui s\u2019est pass\u00e9 et doit r\u00e9gler une partie de la facture. Elle doit payer les frais de s\u00e9jour dans une chambre simple, c\u2019est la r\u00e9servation qu\u2019elle avait demand\u00e9e pour son joueur, et Sa\u00e2d doit payer toute la diff\u00e9rence. Et la question que l\u2019on se pose, c\u2019est pourquoi les dirigeants de l\u2019Entente n\u2019ont jamais cherch\u00e9 \u00e0 savoir quel type de chambre Sa\u00e2d occupe \u00e0 l\u2019h\u00f4tel, ni o\u00f9 en est sa facture, cela aurait au moins limit\u00e9 les d\u00e9penses tout en attirant l\u2019attention du joueur sur les risques qu\u2019il prend. Il est vrai que c\u2019est un joueur immature qui ne mesure pas les cons\u00e9quences de ses comportements, mais la v\u00e9rit\u00e9 doit \u00eatre dite aussi, les dirigeants et les entra\u00eeneurs n\u2019ont pas fait de grands efforts pour l\u2019orienter et le prendre en charge.<\/p>\n<p><strong>Hammar veut faire porter le chapeau \u00e0 Zekri<\/strong><br \/>Dans son intervention hier \u00e0 la radio, Hassan Hammar a rendu l\u2019ex-entra\u00eeneur de l\u2019Entente, Noureddine Zekri, responsable de la situation d\u2019aujourd\u2019hui en d\u00e9cidant de faire revenir Sa\u00e2d alors que ce dernier avait \u00e9t\u00e9 \u00e9cart\u00e9 par la direction. C\u2019est vrai, Zekri avait pris la responsabilit\u00e9 de le faire revenir et s\u2019\u00e9tait engag\u00e9 \u00e0 s\u2019occuper de lui, c\u2019\u00e9tait au mercato hivernal, mais en constatant le manque de s\u00e9rieux du joueur qui avait tard\u00e9 \u00e0 r\u00e9int\u00e9grer le groupe malgr\u00e9 la chance qui lui a \u00e9t\u00e9 donn\u00e9e, il ne voulait plus de lui, il a m\u00eame menac\u00e9 de partir si Sa\u00e2d r\u00e9int\u00e8gre le groupe. Et c\u2019est pour cette raison d\u2019ailleurs que Sa\u00e2d a \u00e9t\u00e9 mis \u00e0 la disposition de l\u2019\u00e9quipe r\u00e9serve \u00e0 l\u2019\u00e9poque. Le d\u00e9fenseur s\u00e9tifien n\u2019a r\u00e9int\u00e9gr\u00e9 l\u2019\u00e9quipe premi\u00e8re qu\u2019apr\u00e8s le d\u00e9part de Zekri sur d\u00e9cision de la direction. Donc, ce n\u2019est pas Zekri qui l\u2019a fait revenir, mais c\u2019est bien Hammar qui se contredit dans ses d\u00e9clarations d\u2019hier. Bref, dans toute cette histoire, c\u2019est surtout le joueur qui est perdant, il a un grand potentiel, mais il est en train de briser sa carri\u00e8re.<br \/>\u00a0<\/p>\n<\/div>\n<p>Auteur:<br \/>\n<a href=\"http:\/\/www.lebuteur.com\/article\/detail?titre=ess-saad-exclu-du-club&#038;id=87946&#038;utm_source=feedburner&#038;utm_medium=feed&#038;utm_campaign=Feed%3A+GalerieFArtciles+%28Les+derniers+articles++-+lebuteur.com%29\">Cliquez ici pour lire l&rsquo;article depuis sa source.<\/a><\/p>\n","protected":false},"excerpt":{"rendered":"<p>Auteur : Akram F. samedi 13 avril 2019 10:58 Le cas du d\u00e9fenseur s\u00e9tifien Sa\u00e2d, qui a \u00e9t\u00e9 renvoy\u00e9 de l\u2019h\u00f4tel o\u00f9 il r\u00e9sidait et qui est rentr\u00e9 chez lui \u00e0 Bel-Abb\u00e8s, a connu du nouveau hier avec la d\u00e9cision de Hassan Hammar de l\u2019exclure d\u00e9finitivement du club. C\u2019est une suite logique \u00e0 ce qui [&hellip;]<\/p>\n","protected":false},"author":1738,"featured_media":27588,"comment_status":"closed","ping_status":"closed","sticky":false,"template":"","format":"standard","meta":{"fifu_image_url":"","fifu_image_alt":"","footnotes":""},"categories":[53,75],"tags":[],"class_list":["post-27587","post","type-post","status-publish","format-standard","has-post-thumbnail","hentry","category-algerie","category-sport"],"_links":{"self":[{"href":"https:\/\/linitiative.ca\/International\/wp-json\/wp\/v2\/posts\/27587","targetHints":{"allow":["GET"]}}],"collection":[{"href":"https:\/\/linitiative.ca\/International\/wp-json\/wp\/v2\/posts"}],"about":[{"href":"https:\/\/linitiative.ca\/International\/wp-json\/wp\/v2\/types\/post"}],"author":[{"embeddable":true,"href":"https:\/\/linitiative.ca\/International\/wp-json\/wp\/v2\/users\/1738"}],"replies":[{"embeddable":true,"href":"https:\/\/linitiative.ca\/International\/wp-json\/wp\/v2\/comments?post=27587"}],"version-history":[{"count":0,"href":"https:\/\/linitiative.ca\/International\/wp-json\/wp\/v2\/posts\/27587\/revisions"}],"wp:featuredmedia":[{"embeddable":true,"href":"https:\/\/linitiative.ca\/International\/wp-json\/"}],"wp:attachment":[{"href":"https:\/\/linitiative.ca\/International\/wp-json\/wp\/v2\/media?parent=27587"}],"wp:term":[{"taxonomy":"category","embeddable":true,"href":"https:\/\/linitiative.ca\/International\/wp-json\/wp\/v2\/categories?post=27587"},{"taxonomy":"post_tag","embeddable":true,"href":"https:\/\/linitiative.ca\/International\/wp-json\/wp\/v2\/tags?post=27587"}],"curies":[{"name":"wp","href":"https:\/\/api.w.org\/{rel}","templated":true}]}}