{"id":27593,"date":"2019-04-13T15:14:37","date_gmt":"2019-04-13T19:14:37","guid":{"rendered":"https:\/\/linitiative.ca\/International\/international-real-lucas-vasquez-prend-la-defense-de-gareth-bale\/"},"modified":"2019-04-13T15:14:37","modified_gmt":"2019-04-13T19:14:37","slug":"international-real-lucas-vasquez-prend-la-defense-de-gareth-bale","status":"publish","type":"post","link":"https:\/\/linitiative.ca\/International\/international-real-lucas-vasquez-prend-la-defense-de-gareth-bale\/","title":{"rendered":"International : Real : Lucas Vasquez prend la d\u00e9fense de Gareth Bale"},"content":{"rendered":"<div readability=\"32\">\n<p>Auteur : <span class=\"time\">samedi 13 avril 2019 12:15<\/span><\/p>\n<\/div>\n<div id=\"post_core\" readability=\"52\">\n<p>Et pour cause, l\u2019ancien joueur de Tottenham, arriv\u00e9 en 2013, ne ma\u00eetrise toujours pas la langue espagnole. Rien de grave selon son co\u00e9quipier Lucas Vazquez (27 ans, 24 matchs et 1 but en Liga cette saison) qui a tenu \u00e0 le d\u00e9fendre.<\/p>\n<p>\u00ab\u00a0On s&rsquo;entend tous tr\u00e8s bien. Les gens disent qu&rsquo;il ne parle pas espagnol, mais il le comprend parfaitement, a soulign\u00e9 le milieu offensif sur la Radio Nacional de Espa\u00f1a. Chacun a sa personnalit\u00e9. Il y a des personnes plus timides, plus introverties. Il faut le respecter.\u00a0\u00bb Des propos relay\u00e9s par Maxifoot.<\/p>\n<p>L\u2019autre probl\u00e8me, c\u2019est que Bale ne r\u00e9pond pas aux attentes sur le terrain. Ce qui risque de le pousser vers la sortie cet \u00e9t\u00e9.<\/p>\n<p><strong>Publi\u00e9 dans :<\/strong> <span>real madrid<\/span><\/p>\n<\/div>\n<p>Auteur:<br \/>\n<a href=\"http:\/\/www.lebuteur.com\/article\/detail?titre=real-lucas-vasquez-prend-la-defense-de-gareth-bale&#038;id=87965&#038;utm_source=feedburner&#038;utm_medium=feed&#038;utm_campaign=Feed%3A+GalerieFArtciles+%28Les+derniers+articles++-+lebuteur.com%29\">Cliquez ici pour lire l&rsquo;article depuis sa source.<\/a><\/p>\n","protected":false},"excerpt":{"rendered":"<p>Auteur : samedi 13 avril 2019 12:15 Et pour cause, l\u2019ancien joueur de Tottenham, arriv\u00e9 en 2013, ne ma\u00eetrise toujours pas la langue espagnole. Rien de grave selon son co\u00e9quipier Lucas Vazquez (27 ans, 24 matchs et 1 but en Liga cette saison) qui a tenu \u00e0 le d\u00e9fendre. \u00ab\u00a0On s&rsquo;entend tous tr\u00e8s bien. Les [&hellip;]<\/p>\n","protected":false},"author":1738,"featured_media":27594,"comment_status":"closed","ping_status":"closed","sticky":false,"template":"","format":"standard","meta":{"fifu_image_url":"","fifu_image_alt":"","footnotes":""},"categories":[53,75],"tags":[],"class_list":["post-27593","post","type-post","status-publish","format-standard","has-post-thumbnail","hentry","category-algerie","category-sport"],"_links":{"self":[{"href":"https:\/\/linitiative.ca\/International\/wp-json\/wp\/v2\/posts\/27593","targetHints":{"allow":["GET"]}}],"collection":[{"href":"https:\/\/linitiative.ca\/International\/wp-json\/wp\/v2\/posts"}],"about":[{"href":"https:\/\/linitiative.ca\/International\/wp-json\/wp\/v2\/types\/post"}],"author":[{"embeddable":true,"href":"https:\/\/linitiative.ca\/International\/wp-json\/wp\/v2\/users\/1738"}],"replies":[{"embeddable":true,"href":"https:\/\/linitiative.ca\/International\/wp-json\/wp\/v2\/comments?post=27593"}],"version-history":[{"count":0,"href":"https:\/\/linitiative.ca\/International\/wp-json\/wp\/v2\/posts\/27593\/revisions"}],"wp:featuredmedia":[{"embeddable":true,"href":"https:\/\/linitiative.ca\/International\/wp-json\/"}],"wp:attachment":[{"href":"https:\/\/linitiative.ca\/International\/wp-json\/wp\/v2\/media?parent=27593"}],"wp:term":[{"taxonomy":"category","embeddable":true,"href":"https:\/\/linitiative.ca\/International\/wp-json\/wp\/v2\/categories?post=27593"},{"taxonomy":"post_tag","embeddable":true,"href":"https:\/\/linitiative.ca\/International\/wp-json\/wp\/v2\/tags?post=27593"}],"curies":[{"name":"wp","href":"https:\/\/api.w.org\/{rel}","templated":true}]}}