{"id":27595,"date":"2019-04-13T15:14:38","date_gmt":"2019-04-13T19:14:38","guid":{"rendered":"https:\/\/linitiative.ca\/International\/afrique-can-2019-la-reaction-dherve-renard-apres-le-tirage-au-sort\/"},"modified":"2019-04-13T15:14:38","modified_gmt":"2019-04-13T19:14:38","slug":"afrique-can-2019-la-reaction-dherve-renard-apres-le-tirage-au-sort","status":"publish","type":"post","link":"https:\/\/linitiative.ca\/International\/afrique-can-2019-la-reaction-dherve-renard-apres-le-tirage-au-sort\/","title":{"rendered":"Afrique : CAN 2019 : La r\u00e9action d&rsquo;Herv\u00e9 Renard apr\u00e8s le tirage au sort"},"content":{"rendered":"<div readability=\"32\">\n<p>Auteur : <span class=\"time\">samedi 13 avril 2019 12:32<\/span><\/p>\n<\/div>\n<div id=\"post_core\" readability=\"46\">\n<p>\u00ab\u00a0Le groupe dans lequel les Lions de l\u2019Atlas ont \u00e9t\u00e9 vers\u00e9s est relev\u00e9 et difficile, mais l\u2019\u00e9quipe est aguerrie \u00e0 cette comp\u00e9tition africaine et va bien se pr\u00e9parer pour ce troph\u00e9e\u00a0\u00bb, a ainsi d\u00e9clar\u00e9 le s\u00e9lectionneur du Marco apr\u00e8s le tirage au sort ce vendredi.<\/p>\n<p>Pour le coach fran\u00e7ais, \u00ab\u00a0\u00eatre log\u00e9 dans un groupe difficile est pour nous une source de motivation pour d\u00e9ployer tous les efforts afin d\u2019honorer le football marocain\u00a0\u00bb, ajoutant que \u00ab\u00a0les adversaires sont, certes, forts, mais le Maroc dispose des atouts n\u00e9cessaires pour signer une participation honorable dans cette comp\u00e9tition\u00a0\u00bb. Des propos relay\u00e9s par Bladi.net.<\/p>\n<p><strong>Publi\u00e9 dans :<\/strong> <span>CAN 2019<\/span><\/p>\n<\/div>\n<p>Auteur:<br \/>\n<a href=\"http:\/\/www.lebuteur.com\/article\/detail?titre=can-2019-la-reaction-dherve-renard-apres-le-tirage-au-sort&#038;id=87966&#038;utm_source=feedburner&#038;utm_medium=feed&#038;utm_campaign=Feed%3A+GalerieFArtciles+%28Les+derniers+articles++-+lebuteur.com%29\">Cliquez ici pour lire l&rsquo;article depuis sa source.<\/a><\/p>\n","protected":false},"excerpt":{"rendered":"<p>Auteur : samedi 13 avril 2019 12:32 \u00ab\u00a0Le groupe dans lequel les Lions de l\u2019Atlas ont \u00e9t\u00e9 vers\u00e9s est relev\u00e9 et difficile, mais l\u2019\u00e9quipe est aguerrie \u00e0 cette comp\u00e9tition africaine et va bien se pr\u00e9parer pour ce troph\u00e9e\u00a0\u00bb, a ainsi d\u00e9clar\u00e9 le s\u00e9lectionneur du Marco apr\u00e8s le tirage au sort ce vendredi. Pour le coach [&hellip;]<\/p>\n","protected":false},"author":1738,"featured_media":27596,"comment_status":"closed","ping_status":"closed","sticky":false,"template":"","format":"standard","meta":{"fifu_image_url":"","fifu_image_alt":"","footnotes":""},"categories":[53,75],"tags":[],"class_list":["post-27595","post","type-post","status-publish","format-standard","has-post-thumbnail","hentry","category-algerie","category-sport"],"_links":{"self":[{"href":"https:\/\/linitiative.ca\/International\/wp-json\/wp\/v2\/posts\/27595","targetHints":{"allow":["GET"]}}],"collection":[{"href":"https:\/\/linitiative.ca\/International\/wp-json\/wp\/v2\/posts"}],"about":[{"href":"https:\/\/linitiative.ca\/International\/wp-json\/wp\/v2\/types\/post"}],"author":[{"embeddable":true,"href":"https:\/\/linitiative.ca\/International\/wp-json\/wp\/v2\/users\/1738"}],"replies":[{"embeddable":true,"href":"https:\/\/linitiative.ca\/International\/wp-json\/wp\/v2\/comments?post=27595"}],"version-history":[{"count":0,"href":"https:\/\/linitiative.ca\/International\/wp-json\/wp\/v2\/posts\/27595\/revisions"}],"wp:featuredmedia":[{"embeddable":true,"href":"https:\/\/linitiative.ca\/International\/wp-json\/"}],"wp:attachment":[{"href":"https:\/\/linitiative.ca\/International\/wp-json\/wp\/v2\/media?parent=27595"}],"wp:term":[{"taxonomy":"category","embeddable":true,"href":"https:\/\/linitiative.ca\/International\/wp-json\/wp\/v2\/categories?post=27595"},{"taxonomy":"post_tag","embeddable":true,"href":"https:\/\/linitiative.ca\/International\/wp-json\/wp\/v2\/tags?post=27595"}],"curies":[{"name":"wp","href":"https:\/\/api.w.org\/{rel}","templated":true}]}}