{"id":27597,"date":"2019-04-13T15:14:39","date_gmt":"2019-04-13T19:14:39","guid":{"rendered":"https:\/\/linitiative.ca\/International\/pros-real-betis-quique-setien-aissa-doit-rester-avec-nous-la-saison-prochaine\/"},"modified":"2019-04-13T15:14:39","modified_gmt":"2019-04-13T19:14:39","slug":"pros-real-betis-quique-setien-aissa-doit-rester-avec-nous-la-saison-prochaine","status":"publish","type":"post","link":"https:\/\/linitiative.ca\/International\/pros-real-betis-quique-setien-aissa-doit-rester-avec-nous-la-saison-prochaine\/","title":{"rendered":"Pros : Real Betis &#8211; Quique Setien : \u00ab\u00a0A\u00efssa doit rester avec nous la saison prochaine\u00a0\u00bb"},"content":{"rendered":"<div readability=\"32\">\n<p>Auteur : <span class=\"time\">samedi 13 avril 2019 13:09<\/span><\/p>\n<\/div>\n<div id=\"post_core\" readability=\"47\">\n<p>Bien aid\u00e9 par l\u2019arriv\u00e9e de Marc Bartra, Quique Setien, l&rsquo;entraineur du Real Betis,\u00a0 a su d\u00e9velopper les qualit\u00e9s d\u2019anticipations de A\u00efssa Mandi, qui sauve le plus souvent les contres-attaques (nombreuses) que rencontre le Betis.<\/p>\n<p>Il en fait un exemple dans tout son effectif : \u00ab\u00a0Il y a des joueurs qui ont grandi de fa\u00e7on exponentielle, et Mandi est le meilleur exemple. Comme les autres \u00e9l\u00e9ments essentiels de notre \u00e9quipe, A\u00efssa doit rester avec nous la saison prochaine. Mandi est en train de r\u00e9aliser des choses que lui-m\u00eame ne croyait pas atteindre. C\u2019est dire qu\u2019il a encore une bonne marge de progression. C\u2019est un \u00e9l\u00e9ment n\u00e9cessaire et essentiel pour le futur projet du club\u00a0\u00bb. Des propos relay\u00e9s par Furialiga.<\/p>\n<p><strong>Publi\u00e9 dans :<\/strong> <span>Real B\u00e9tis<\/span><\/p>\n<\/div>\n<p>Auteur:<br \/>\n<a href=\"http:\/\/www.lebuteur.com\/article\/detail?titre=real-betis-quique-setien-aissa-doit-rester-avec-nous-la-saison-prochaine&#038;id=87967&#038;utm_source=feedburner&#038;utm_medium=feed&#038;utm_campaign=Feed%3A+GalerieFArtciles+%28Les+derniers+articles++-+lebuteur.com%29\">Cliquez ici pour lire l&rsquo;article depuis sa source.<\/a><\/p>\n","protected":false},"excerpt":{"rendered":"<p>Auteur : samedi 13 avril 2019 13:09 Bien aid\u00e9 par l\u2019arriv\u00e9e de Marc Bartra, Quique Setien, l&rsquo;entraineur du Real Betis,\u00a0 a su d\u00e9velopper les qualit\u00e9s d\u2019anticipations de A\u00efssa Mandi, qui sauve le plus souvent les contres-attaques (nombreuses) que rencontre le Betis. Il en fait un exemple dans tout son effectif : \u00ab\u00a0Il y a des [&hellip;]<\/p>\n","protected":false},"author":1738,"featured_media":27598,"comment_status":"closed","ping_status":"closed","sticky":false,"template":"","format":"standard","meta":{"fifu_image_url":"","fifu_image_alt":"","footnotes":""},"categories":[53,75],"tags":[],"class_list":["post-27597","post","type-post","status-publish","format-standard","has-post-thumbnail","hentry","category-algerie","category-sport"],"_links":{"self":[{"href":"https:\/\/linitiative.ca\/International\/wp-json\/wp\/v2\/posts\/27597","targetHints":{"allow":["GET"]}}],"collection":[{"href":"https:\/\/linitiative.ca\/International\/wp-json\/wp\/v2\/posts"}],"about":[{"href":"https:\/\/linitiative.ca\/International\/wp-json\/wp\/v2\/types\/post"}],"author":[{"embeddable":true,"href":"https:\/\/linitiative.ca\/International\/wp-json\/wp\/v2\/users\/1738"}],"replies":[{"embeddable":true,"href":"https:\/\/linitiative.ca\/International\/wp-json\/wp\/v2\/comments?post=27597"}],"version-history":[{"count":0,"href":"https:\/\/linitiative.ca\/International\/wp-json\/wp\/v2\/posts\/27597\/revisions"}],"wp:featuredmedia":[{"embeddable":true,"href":"https:\/\/linitiative.ca\/International\/wp-json\/"}],"wp:attachment":[{"href":"https:\/\/linitiative.ca\/International\/wp-json\/wp\/v2\/media?parent=27597"}],"wp:term":[{"taxonomy":"category","embeddable":true,"href":"https:\/\/linitiative.ca\/International\/wp-json\/wp\/v2\/categories?post=27597"},{"taxonomy":"post_tag","embeddable":true,"href":"https:\/\/linitiative.ca\/International\/wp-json\/wp\/v2\/tags?post=27597"}],"curies":[{"name":"wp","href":"https:\/\/api.w.org\/{rel}","templated":true}]}}