{"id":27599,"date":"2019-04-13T15:14:40","date_gmt":"2019-04-13T19:14:40","guid":{"rendered":"https:\/\/linitiative.ca\/International\/international-serie-a-une-juventus-bis-perd-a-la-spal\/"},"modified":"2019-04-13T15:14:40","modified_gmt":"2019-04-13T19:14:40","slug":"international-serie-a-une-juventus-bis-perd-a-la-spal","status":"publish","type":"post","link":"https:\/\/linitiative.ca\/International\/international-serie-a-une-juventus-bis-perd-a-la-spal\/","title":{"rendered":"International : Serie A : Une Juventus bis perd \u00e0 la SPAL"},"content":{"rendered":"<div readability=\"32\">\n<p>Auteur : <span class=\"time\">samedi 13 avril 2019 16:00<\/span><\/p>\n<\/div>\n<div id=\"post_core\" readability=\"44\">\n<p>Lors de la 32e journ\u00e9e, le club turinois a \u00e9t\u00e9 battu sur la pelouse de SPAL Ferrara (1-2) ce samedi. Malgr\u00e9 un large turnover effectu\u00e9 par Massimiliano Allegri en perspective du quart de finale retour de la Ligue des Champions face \u00e0 l&rsquo;Ajax Amsterdam mardi, la Vieille Dame avait bien d\u00e9but\u00e9 cette partie avec l&rsquo;ouverture du score de l&rsquo;in\u00e9vitable Kean (30e). Mais elle a \u00e9t\u00e9 renvers\u00e9e en seconde p\u00e9riode Bonifazi (49e) et Floccari (74e).<\/p>\n<p>Au classement, les Turinois restent bien \u00e9videmment \u00e0 la premi\u00e8re place avec provisoirement 20 points d&rsquo;avance sur son dauphin, Naples.<\/p>\n<p><strong>Publi\u00e9 dans :<\/strong> <span>juventus<\/span> <span>S\u00e9rie A<\/span> <span>SPAL<\/span><\/p>\n<\/div>\n<p>Auteur:<br \/>\n<a href=\"http:\/\/www.lebuteur.com\/article\/detail?titre=serie-a-une-juventus-bis-perd-a-la-spal&#038;id=87968&#038;utm_source=feedburner&#038;utm_medium=feed&#038;utm_campaign=Feed%3A+GalerieFArtciles+%28Les+derniers+articles++-+lebuteur.com%29\">Cliquez ici pour lire l&rsquo;article depuis sa source.<\/a><\/p>\n","protected":false},"excerpt":{"rendered":"<p>Auteur : samedi 13 avril 2019 16:00 Lors de la 32e journ\u00e9e, le club turinois a \u00e9t\u00e9 battu sur la pelouse de SPAL Ferrara (1-2) ce samedi. Malgr\u00e9 un large turnover effectu\u00e9 par Massimiliano Allegri en perspective du quart de finale retour de la Ligue des Champions face \u00e0 l&rsquo;Ajax Amsterdam mardi, la Vieille Dame [&hellip;]<\/p>\n","protected":false},"author":1738,"featured_media":27600,"comment_status":"closed","ping_status":"closed","sticky":false,"template":"","format":"standard","meta":{"fifu_image_url":"","fifu_image_alt":"","footnotes":""},"categories":[53,75],"tags":[],"class_list":["post-27599","post","type-post","status-publish","format-standard","has-post-thumbnail","hentry","category-algerie","category-sport"],"_links":{"self":[{"href":"https:\/\/linitiative.ca\/International\/wp-json\/wp\/v2\/posts\/27599","targetHints":{"allow":["GET"]}}],"collection":[{"href":"https:\/\/linitiative.ca\/International\/wp-json\/wp\/v2\/posts"}],"about":[{"href":"https:\/\/linitiative.ca\/International\/wp-json\/wp\/v2\/types\/post"}],"author":[{"embeddable":true,"href":"https:\/\/linitiative.ca\/International\/wp-json\/wp\/v2\/users\/1738"}],"replies":[{"embeddable":true,"href":"https:\/\/linitiative.ca\/International\/wp-json\/wp\/v2\/comments?post=27599"}],"version-history":[{"count":0,"href":"https:\/\/linitiative.ca\/International\/wp-json\/wp\/v2\/posts\/27599\/revisions"}],"wp:featuredmedia":[{"embeddable":true,"href":"https:\/\/linitiative.ca\/International\/wp-json\/"}],"wp:attachment":[{"href":"https:\/\/linitiative.ca\/International\/wp-json\/wp\/v2\/media?parent=27599"}],"wp:term":[{"taxonomy":"category","embeddable":true,"href":"https:\/\/linitiative.ca\/International\/wp-json\/wp\/v2\/categories?post=27599"},{"taxonomy":"post_tag","embeddable":true,"href":"https:\/\/linitiative.ca\/International\/wp-json\/wp\/v2\/tags?post=27599"}],"curies":[{"name":"wp","href":"https:\/\/api.w.org\/{rel}","templated":true}]}}