{"id":27601,"date":"2019-04-13T15:14:41","date_gmt":"2019-04-13T19:14:41","guid":{"rendered":"https:\/\/linitiative.ca\/International\/international-tottenham-une-offre-en-preparation-pour-andre-gomes\/"},"modified":"2019-04-13T15:14:41","modified_gmt":"2019-04-13T19:14:41","slug":"international-tottenham-une-offre-en-preparation-pour-andre-gomes","status":"publish","type":"post","link":"https:\/\/linitiative.ca\/International\/international-tottenham-une-offre-en-preparation-pour-andre-gomes\/","title":{"rendered":"International : Tottenham : Une offre en pr\u00e9paration pour Andre Gomes ?"},"content":{"rendered":"<div readability=\"32\">\n<p>Auteur : <span class=\"time\">samedi 13 avril 2019 17:00<\/span><\/p>\n<\/div>\n<div id=\"post_core\" readability=\"42\">\n<p>Selon Marca et Mercatofootanglais.com, le milieu de terrain portugais pla\u00eet beaucoup au coach des Spurs et ce dernier esp\u00e8re pouvoir le recruter d\u00e8s l\u2019\u00e9t\u00e9 prochain.<\/p>\n<p>Il y a quelques jours, le joueur a fait savoir qu\u2019il n\u2019\u00e9tait pas ma\u00eetre de son destin mais ne souhaitait pas forc\u00e9ment rentrer dans le club catalan. Tottenham se pr\u00e9parerait \u00e0 faire une offre comprise entre 35 et 40 millions d\u2019euros pour convaincre le Bar\u00e7a de lui c\u00e9der son joueur. Everton esp\u00e8re \u00e9galement pouvoir conserver le joueur au-del\u00e0 de la saison actuelle.<\/p>\n<p><strong>Publi\u00e9 dans :<\/strong> <span>Tottenham<\/span> <span>Andr\u00e9 Gomes<\/span><\/p>\n<\/div>\n<p>Auteur:<br \/>\n<a href=\"http:\/\/www.lebuteur.com\/article\/detail?titre=tottenham-une-offre-en-preparation-pour-andre-gomes&#038;id=87969&#038;utm_source=feedburner&#038;utm_medium=feed&#038;utm_campaign=Feed%3A+GalerieFArtciles+%28Les+derniers+articles++-+lebuteur.com%29\">Cliquez ici pour lire l&rsquo;article depuis sa source.<\/a><\/p>\n","protected":false},"excerpt":{"rendered":"<p>Auteur : samedi 13 avril 2019 17:00 Selon Marca et Mercatofootanglais.com, le milieu de terrain portugais pla\u00eet beaucoup au coach des Spurs et ce dernier esp\u00e8re pouvoir le recruter d\u00e8s l\u2019\u00e9t\u00e9 prochain. Il y a quelques jours, le joueur a fait savoir qu\u2019il n\u2019\u00e9tait pas ma\u00eetre de son destin mais ne souhaitait pas forc\u00e9ment rentrer [&hellip;]<\/p>\n","protected":false},"author":1738,"featured_media":27602,"comment_status":"closed","ping_status":"closed","sticky":false,"template":"","format":"standard","meta":{"fifu_image_url":"","fifu_image_alt":"","footnotes":""},"categories":[53,75],"tags":[],"class_list":["post-27601","post","type-post","status-publish","format-standard","has-post-thumbnail","hentry","category-algerie","category-sport"],"_links":{"self":[{"href":"https:\/\/linitiative.ca\/International\/wp-json\/wp\/v2\/posts\/27601","targetHints":{"allow":["GET"]}}],"collection":[{"href":"https:\/\/linitiative.ca\/International\/wp-json\/wp\/v2\/posts"}],"about":[{"href":"https:\/\/linitiative.ca\/International\/wp-json\/wp\/v2\/types\/post"}],"author":[{"embeddable":true,"href":"https:\/\/linitiative.ca\/International\/wp-json\/wp\/v2\/users\/1738"}],"replies":[{"embeddable":true,"href":"https:\/\/linitiative.ca\/International\/wp-json\/wp\/v2\/comments?post=27601"}],"version-history":[{"count":0,"href":"https:\/\/linitiative.ca\/International\/wp-json\/wp\/v2\/posts\/27601\/revisions"}],"wp:featuredmedia":[{"embeddable":true,"href":"https:\/\/linitiative.ca\/International\/wp-json\/"}],"wp:attachment":[{"href":"https:\/\/linitiative.ca\/International\/wp-json\/wp\/v2\/media?parent=27601"}],"wp:term":[{"taxonomy":"category","embeddable":true,"href":"https:\/\/linitiative.ca\/International\/wp-json\/wp\/v2\/categories?post=27601"},{"taxonomy":"post_tag","embeddable":true,"href":"https:\/\/linitiative.ca\/International\/wp-json\/wp\/v2\/tags?post=27601"}],"curies":[{"name":"wp","href":"https:\/\/api.w.org\/{rel}","templated":true}]}}