{"id":27603,"date":"2019-04-12T19:00:00","date_gmt":"2019-04-12T23:00:00","guid":{"rendered":"https:\/\/linitiative.ca\/International\/taj-et-pfj-pour-une-transition-sereine\/"},"modified":"2019-04-12T19:00:00","modified_gmt":"2019-04-12T23:00:00","slug":"taj-et-pfj-pour-une-transition-sereine","status":"publish","type":"post","link":"https:\/\/linitiative.ca\/International\/taj-et-pfj-pour-une-transition-sereine\/","title":{"rendered":"TAJ et PFJ : \u00ab Pour une transition sereine \u00bb"},"content":{"rendered":"<p>Les partis Tajamou\u2019e Amal El-Jaza\u00efr (TAJ) et El-Fadjr El-Djadid (PFJ) ont plaid\u00e9, mercredi, pour une p\u00e9riode de transition sereine et un scrutin pr\u00e9sidentiel r\u00e9gulier et transparent, en r\u00e9ponse aux aspirations du peuple alg\u00e9rien. Saluant le message de l\u2019Arm\u00e9e nationale populaire (ANP), le parti TAJ a appel\u00e9 tout un chacun \u00e0 adh\u00e9rer \u00e0 son contenu et \u00e0 ses mises en garde, pour pr\u00e9server la s\u00e9curit\u00e9 et la stabilit\u00e9, et sortir de la p\u00e9riode de transition de mani\u00e8re fluide et sereine. TAJ a appel\u00e9, dans un communiqu\u00e9, toutes les composantes du peuple alg\u00e9rien \u00e0 contribuer \u00e0 la r\u00e9ussite de la p\u00e9riode de transition dans le cadre du respect de la l\u00e9gitimit\u00e9 constitutionnelle et la satisfaction des revendications l\u00e9gitimes du peuple. Exhortant la classe politique et tous les enfants du peuple alg\u00e9rien \u00e0 l\u2019ouverture d\u2019un dialogue national s\u00e9rieux et inclusif sur les m\u00e9canismes et les garanties de transparence et de r\u00e9gularit\u00e9 de l\u2019\u00e9lection pr\u00e9sidentielle, \u00e0 la lumi\u00e8re des engagements de l\u2019ANP, d\u2019accompagner la transition dans le cadre de la confiance mutuelle entre le peuple et l\u2019Arm\u00e9e. Pour sa part, le PFJ a propos\u00e9 la cr\u00e9ation d\u2019une instance pour la gestion de la p\u00e9riode de transition jusqu\u2019\u00e0 l\u2019organisation de la pr\u00e9sidentielle, exprimant son soutien au Hirak populaire.\u00a0<\/p>\n<div class=\"ModliArtilUne\">\n<ul>\n<li><strong>Publi\u00e9 dans :<\/strong><\/li>\n<\/ul>\n<\/div>\n<div class=\"MbComIns\" id=\"newcom\" readability=\"5.69402985075\">\n<h6>DONNEZ VOTRE AVIS<\/h6>\n<p>Il n&rsquo;y a actuellement aucune r\u00e9action \u00e0 cette information. Soyez le premier \u00e0 r\u00e9agir !<\/p>\n<p><a href=\"\" rel=\"#popup\" class=\"login resetbutton\">Identifiez-vous<\/a><a class=\"button\" href=\"http:\/\/www.elmoudjahid.com\/fr\/inscription\/\"><span>S&rsquo;inscrire<\/span><\/a><\/p>\n<\/div>\n<p>Auteur: elmoudjahid<br \/>\n<a href=\"http:\/\/www.elmoudjahid.com\/fr\/actualites\/135751\">Cliquez ici pour lire l&rsquo;article depuis sa source.<\/a><\/p>\n","protected":false},"excerpt":{"rendered":"<p>Les partis Tajamou\u2019e Amal El-Jaza\u00efr (TAJ) et El-Fadjr El-Djadid (PFJ) ont plaid\u00e9, mercredi, pour une p\u00e9riode de transition sereine et un scrutin pr\u00e9sidentiel r\u00e9gulier et transparent, en r\u00e9ponse aux aspirations du peuple alg\u00e9rien. Saluant le message de l\u2019Arm\u00e9e nationale populaire (ANP), le parti TAJ a appel\u00e9 tout un chacun \u00e0 adh\u00e9rer \u00e0 son contenu et [&hellip;]<\/p>\n","protected":false},"author":1744,"featured_media":0,"comment_status":"closed","ping_status":"closed","sticky":false,"template":"","format":"standard","meta":{"fifu_image_url":"","fifu_image_alt":"","footnotes":""},"categories":[73,53],"tags":[],"class_list":["post-27603","post","type-post","status-publish","format-standard","hentry","category-actualite","category-algerie"],"_links":{"self":[{"href":"https:\/\/linitiative.ca\/International\/wp-json\/wp\/v2\/posts\/27603","targetHints":{"allow":["GET"]}}],"collection":[{"href":"https:\/\/linitiative.ca\/International\/wp-json\/wp\/v2\/posts"}],"about":[{"href":"https:\/\/linitiative.ca\/International\/wp-json\/wp\/v2\/types\/post"}],"author":[{"embeddable":true,"href":"https:\/\/linitiative.ca\/International\/wp-json\/wp\/v2\/users\/1744"}],"replies":[{"embeddable":true,"href":"https:\/\/linitiative.ca\/International\/wp-json\/wp\/v2\/comments?post=27603"}],"version-history":[{"count":0,"href":"https:\/\/linitiative.ca\/International\/wp-json\/wp\/v2\/posts\/27603\/revisions"}],"wp:attachment":[{"href":"https:\/\/linitiative.ca\/International\/wp-json\/wp\/v2\/media?parent=27603"}],"wp:term":[{"taxonomy":"category","embeddable":true,"href":"https:\/\/linitiative.ca\/International\/wp-json\/wp\/v2\/categories?post=27603"},{"taxonomy":"post_tag","embeddable":true,"href":"https:\/\/linitiative.ca\/International\/wp-json\/wp\/v2\/tags?post=27603"}],"curies":[{"name":"wp","href":"https:\/\/api.w.org\/{rel}","templated":true}]}}