{"id":27604,"date":"2019-04-12T19:00:00","date_gmt":"2019-04-12T23:00:00","guid":{"rendered":"https:\/\/linitiative.ca\/International\/mds-une-constituante-ouverte-a-toute-la-societe\/"},"modified":"2019-04-12T19:00:00","modified_gmt":"2019-04-12T23:00:00","slug":"mds-une-constituante-ouverte-a-toute-la-societe","status":"publish","type":"post","link":"https:\/\/linitiative.ca\/International\/mds-une-constituante-ouverte-a-toute-la-societe\/","title":{"rendered":"MDS :   \u00ab Une constituante ouverte  \u00e0 toute la soci\u00e9t\u00e9 \u00bb"},"content":{"rendered":"<div class=\"TxArtcile\" readability=\"29\">\n<p>Le coordinateur national du Mouvement d\u00e9mocratique et social (MDS), Fethi Gheras, a propos\u00e9, jeudi \u00e0 Tizi Ouzou, la tenue d\u2019une Assembl\u00e9e constituante qui sera ouverte \u00e0 toutes les composantes de la soci\u00e9t\u00e9, pour \u00abassurer la transition politique en Alg\u00e9rie\u00bb. M. Gheras, qui \u00e9tait l\u2019invit\u00e9 de l\u2019espace \u00abLes d\u00e9bats de l\u2019UMMTO\u00bb, initi\u00e9 par des \u00e9tudiants, des enseignants et des travailleurs de l\u2019universit\u00e9 Mouloud-Mammeri, pour faire intervenir des sp\u00e9cialistes et des hommes politiques sur l\u2019actualit\u00e9 politique nationale, a observ\u00e9 que pour \u00abrester dans l\u2019esprit du mouvement populaire du 22 f\u00e9vrier, cette Assembl\u00e9e constituante ne doit pas \u00eatre r\u00e9serv\u00e9e exclusivement aux partis politiques\u00bb. \u00abLes partis politiques doivent \u00eatre une des parties de cette Constituante, qui doit aussi int\u00e9grer les autres composantes de la soci\u00e9t\u00e9.\u00a0<\/p>\n<p>Il faut faire participer tout le monde, car cela permettra de dessiner le paysage politique selon la volont\u00e9 populaire et d\u2019\u00e9viter de reproduire les rapports de forces existants\u00bb, a-t-il expliqu\u00e9, pr\u00e9conisant de \u00abdonner le temps aux Alg\u00e9riens de s\u2019organiser\u00bb.\u00a0<\/p>\n<\/div>\n<div class=\"ModliArtilUne\">\n<ul>\n<li><strong>Publi\u00e9 dans :<\/strong><\/li>\n<\/ul>\n<\/div>\n<div class=\"MbComIns\" id=\"newcom\" readability=\"5.69402985075\">\n<h6>DONNEZ VOTRE AVIS<\/h6>\n<p>Il n&rsquo;y a actuellement aucune r\u00e9action \u00e0 cette information. Soyez le premier \u00e0 r\u00e9agir !<\/p>\n<p><a href=\"\" rel=\"#popup\" class=\"login resetbutton\">Identifiez-vous<\/a><a class=\"button\" href=\"http:\/\/www.elmoudjahid.com\/fr\/inscription\/\"><span>S&rsquo;inscrire<\/span><\/a><\/p>\n<\/div>\n<p>Auteur: elmoudjahid<br \/>\n<a href=\"http:\/\/www.elmoudjahid.com\/fr\/actualites\/135752\">Cliquez ici pour lire l&rsquo;article depuis sa source.<\/a><\/p>\n","protected":false},"excerpt":{"rendered":"<p>Le coordinateur national du Mouvement d\u00e9mocratique et social (MDS), Fethi Gheras, a propos\u00e9, jeudi \u00e0 Tizi Ouzou, la tenue d\u2019une Assembl\u00e9e constituante qui sera ouverte \u00e0 toutes les composantes de la soci\u00e9t\u00e9, pour \u00abassurer la transition politique en Alg\u00e9rie\u00bb. M. Gheras, qui \u00e9tait l\u2019invit\u00e9 de l\u2019espace \u00abLes d\u00e9bats de l\u2019UMMTO\u00bb, initi\u00e9 par des \u00e9tudiants, des [&hellip;]<\/p>\n","protected":false},"author":1744,"featured_media":0,"comment_status":"closed","ping_status":"closed","sticky":false,"template":"","format":"standard","meta":{"fifu_image_url":"","fifu_image_alt":"","footnotes":""},"categories":[73,53],"tags":[],"class_list":["post-27604","post","type-post","status-publish","format-standard","hentry","category-actualite","category-algerie"],"_links":{"self":[{"href":"https:\/\/linitiative.ca\/International\/wp-json\/wp\/v2\/posts\/27604","targetHints":{"allow":["GET"]}}],"collection":[{"href":"https:\/\/linitiative.ca\/International\/wp-json\/wp\/v2\/posts"}],"about":[{"href":"https:\/\/linitiative.ca\/International\/wp-json\/wp\/v2\/types\/post"}],"author":[{"embeddable":true,"href":"https:\/\/linitiative.ca\/International\/wp-json\/wp\/v2\/users\/1744"}],"replies":[{"embeddable":true,"href":"https:\/\/linitiative.ca\/International\/wp-json\/wp\/v2\/comments?post=27604"}],"version-history":[{"count":0,"href":"https:\/\/linitiative.ca\/International\/wp-json\/wp\/v2\/posts\/27604\/revisions"}],"wp:attachment":[{"href":"https:\/\/linitiative.ca\/International\/wp-json\/wp\/v2\/media?parent=27604"}],"wp:term":[{"taxonomy":"category","embeddable":true,"href":"https:\/\/linitiative.ca\/International\/wp-json\/wp\/v2\/categories?post=27604"},{"taxonomy":"post_tag","embeddable":true,"href":"https:\/\/linitiative.ca\/International\/wp-json\/wp\/v2\/tags?post=27604"}],"curies":[{"name":"wp","href":"https:\/\/api.w.org\/{rel}","templated":true}]}}