{"id":27605,"date":"2019-04-12T19:00:00","date_gmt":"2019-04-12T23:00:00","guid":{"rendered":"https:\/\/linitiative.ca\/International\/conseil-de-la-nation-zahra-guerrab-demissionne\/"},"modified":"2019-04-12T19:00:00","modified_gmt":"2019-04-12T23:00:00","slug":"conseil-de-la-nation-zahra-guerrab-demissionne","status":"publish","type":"post","link":"https:\/\/linitiative.ca\/International\/conseil-de-la-nation-zahra-guerrab-demissionne\/","title":{"rendered":"Conseil de la nation :  Zahra Guerrab d\u00e9missionne"},"content":{"rendered":"<div class=\"TxArtcile\" readability=\"20\">\n<div class=\"ImgCapt\"><img loading=\"lazy\" decoding=\"async\" width=\"208\" height=\"208\" src=\"http:\/\/www.elmoudjahid.com\/temp\/fr\/actualite2[135753].jpg\" alt=\"\" \/><span>D.R<\/span><\/div>\n<p>La s\u00e9natrice Zahra Guerrab, nomm\u00e9e dans le cadre du tiers pr\u00e9sidentiel, a annonc\u00e9 sa d\u00e9mission du Conseil de la nation, \u00aben guise de soutien au mouvement populaire qui r\u00e9clame le changement radical\u00bb. Elle a fait savoir que cette d\u00e9mission faisait suite \u00e0 \u00abla d\u00e9mission de la personne \u00e0 l&rsquo;origine de sa nomination, en l&rsquo;occurrence l&rsquo;ancien Pr\u00e9sident de la R\u00e9publique, Abdelaziz Bouteflika, et la r\u00e9union du Parlement, si\u00e9geant en chambres r\u00e9unies, ayant pris acte de la vacance d\u00e9finitive de la pr\u00e9sidence de la R\u00e9publique et activ\u00e9 l&rsquo;article 102 de Constitution\u00bb. Mme Guerrab a expliqu\u00e9 vouloir \u00abhonorer sa conscience, elle qui a r\u00e9pondu en 1956 \u00e0 l&rsquo;appel du Premier Novembre alors qu&rsquo;elle n&rsquo;avait que 16 ans\u00bb, r\u00e9it\u00e9rant son \u00absoutien au Hirak populaire en sa qualit\u00e9 de membre de l&rsquo;Organisation nationale des moudjahidine (ONM) et son adh\u00e9sion \u00e0 son communiqu\u00e9 d&rsquo;appui \u00e0 l&rsquo;\u00e9lan populaire exigeant le changement radical\u00bb.\u00a0<\/p>\n<\/div>\n<div class=\"ModliArtilUne\">\n<ul>\n<li><strong>Publi\u00e9 dans :<\/strong><\/li>\n<\/ul>\n<\/div>\n<div class=\"MbComIns\" id=\"newcom\" readability=\"5.69402985075\">\n<h6>DONNEZ VOTRE AVIS<\/h6>\n<p>Il n&rsquo;y a actuellement aucune r\u00e9action \u00e0 cette information. Soyez le premier \u00e0 r\u00e9agir !<\/p>\n<p><a href=\"\" rel=\"#popup\" class=\"login resetbutton\">Identifiez-vous<\/a><a class=\"button\" href=\"http:\/\/www.elmoudjahid.com\/fr\/inscription\/\"><span>S&rsquo;inscrire<\/span><\/a><\/p>\n<\/div>\n<p>Auteur: elmoudjahid<br \/>\n<a href=\"http:\/\/www.elmoudjahid.com\/fr\/actualites\/135753\">Cliquez ici pour lire l&rsquo;article depuis sa source.<\/a><\/p>\n","protected":false},"excerpt":{"rendered":"<p>D.R La s\u00e9natrice Zahra Guerrab, nomm\u00e9e dans le cadre du tiers pr\u00e9sidentiel, a annonc\u00e9 sa d\u00e9mission du Conseil de la nation, \u00aben guise de soutien au mouvement populaire qui r\u00e9clame le changement radical\u00bb. Elle a fait savoir que cette d\u00e9mission faisait suite \u00e0 \u00abla d\u00e9mission de la personne \u00e0 l&rsquo;origine de sa nomination, en l&rsquo;occurrence [&hellip;]<\/p>\n","protected":false},"author":1744,"featured_media":27606,"comment_status":"closed","ping_status":"closed","sticky":false,"template":"","format":"standard","meta":{"fifu_image_url":"","fifu_image_alt":"","footnotes":""},"categories":[73,53],"tags":[],"class_list":["post-27605","post","type-post","status-publish","format-standard","has-post-thumbnail","hentry","category-actualite","category-algerie"],"_links":{"self":[{"href":"https:\/\/linitiative.ca\/International\/wp-json\/wp\/v2\/posts\/27605","targetHints":{"allow":["GET"]}}],"collection":[{"href":"https:\/\/linitiative.ca\/International\/wp-json\/wp\/v2\/posts"}],"about":[{"href":"https:\/\/linitiative.ca\/International\/wp-json\/wp\/v2\/types\/post"}],"author":[{"embeddable":true,"href":"https:\/\/linitiative.ca\/International\/wp-json\/wp\/v2\/users\/1744"}],"replies":[{"embeddable":true,"href":"https:\/\/linitiative.ca\/International\/wp-json\/wp\/v2\/comments?post=27605"}],"version-history":[{"count":0,"href":"https:\/\/linitiative.ca\/International\/wp-json\/wp\/v2\/posts\/27605\/revisions"}],"wp:featuredmedia":[{"embeddable":true,"href":"https:\/\/linitiative.ca\/International\/wp-json\/"}],"wp:attachment":[{"href":"https:\/\/linitiative.ca\/International\/wp-json\/wp\/v2\/media?parent=27605"}],"wp:term":[{"taxonomy":"category","embeddable":true,"href":"https:\/\/linitiative.ca\/International\/wp-json\/wp\/v2\/categories?post=27605"},{"taxonomy":"post_tag","embeddable":true,"href":"https:\/\/linitiative.ca\/International\/wp-json\/wp\/v2\/tags?post=27605"}],"curies":[{"name":"wp","href":"https:\/\/api.w.org\/{rel}","templated":true}]}}