{"id":27607,"date":"2019-04-12T19:00:00","date_gmt":"2019-04-12T23:00:00","guid":{"rendered":"https:\/\/linitiative.ca\/International\/fln-recourir-a-la-solution-constitutionnelle\/"},"modified":"2019-04-12T19:00:00","modified_gmt":"2019-04-12T23:00:00","slug":"fln-recourir-a-la-solution-constitutionnelle","status":"publish","type":"post","link":"https:\/\/linitiative.ca\/International\/fln-recourir-a-la-solution-constitutionnelle\/","title":{"rendered":"FLN : \u00ab Recourir  \u00e0 la solution constitutionnelle \u00bb"},"content":{"rendered":"<p>Le parti du Front de lib\u00e9ration nationale (FLN) s\u2019est f\u00e9licit\u00e9, jeudi, du recours \u00e0 \u00abla solution constitutionnelle\u00bb afin de surpasser la crise actuelle et r\u00e9aliser les objectifs \u00abambitieux et l\u00e9gitimes\u00bb auxquels aspire le peuple alg\u00e9rien.\u00a0<\/p>\n<p>Le FLN a estim\u00e9, dans ce cadre, que l\u2019application des articles 7 , 8 et 102 de la Constitution est \u00abune issue permettant \u00e0 l\u2019Alg\u00e9rie d\u2019\u00e9viter le sc\u00e9nario de la vacance et ses \u00e9ventuelles r\u00e9percussions\u00bb, affirmant sa disponibilit\u00e9 \u00e0 accompagner les engagements pris par le chef de l\u2019\u00c9tat pour la prochaine phase. Se f\u00e9licitant de l\u2019engagement de l\u2019Arm\u00e9e nationale populaire (ANP) \u00e0 accompagner la p\u00e9riode transitoire consacr\u00e9e aux pr\u00e9paratifs de la pr\u00e9sidentielle, et leur suivi minutieux dans un climat serein et dans le strict respect des r\u00e8gles de la transparence et de l\u2019int\u00e9grit\u00e9, le FLN a salu\u00e9, encore une fois, \u00abla sagesse et l\u2019attachement du commandement de l\u2019ANP au respect de la Constitution et au travail dans le cadre de ses dispositions, outre sa position permanente aux c\u00f4t\u00e9s du peuple, et ce partant de son attachement \u00e0 la l\u00e9gitimit\u00e9 constitutionnelle et au principe selon lequel le peuple est la seule source du pouvoir\u00bb. Exprimant sa consid\u00e9ration et sa plus grande d\u00e9f\u00e9rence \u00e0 l\u2019ANP, garante de la s\u00e9curit\u00e9 et de la stabilit\u00e9 du pays, la m\u00eame formation politique a mis en valeur la fid\u00e9lit\u00e9 de ses hommes \u00e0 leurs missions constitutionnelles, d\u00e9non\u00e7ant les man\u0153uvres visant \u00e0 attenter \u00e0 la r\u00e9putation, \u00e0 la probit\u00e9 et \u00e0 la coh\u00e9sion liant l\u2019institution militaire au peuple. Saluant \u00able civisme\u00bb et \u00abla maturit\u00e9\u00bb dont a fait preuve le peuple alg\u00e9rien durant les manifestations pacifiques, le FLN a fait part de son estime pour les forces de l\u2019ordre ayant fait montre de \u00abprofessionnalisme\u00bb en accompagnant ces manifestations.\u00a0 Le parti s\u2019est dit optimiste quant \u00e0 ce qu\u2019il a qualifi\u00e9 de \u00absortie de la crise politique\u00bb, avant d\u2019appeler \u00e0 \u00abfaire preuve de conscience, de sagesse et de vigilance, et \u00e0 faire pr\u00e9valoir l\u2019int\u00e9r\u00eat supr\u00eame du pays afin de d\u00e9jouer des man\u0153uvres suspectes men\u00e9es par des organisations non gouvernementales en complicit\u00e9 avec des parties \u00e9trang\u00e8res, en vue de saper la stabilit\u00e9 du pays et semer la Fitna entre les enfants du peuple\u00bb.\u00a0<\/p>\n<p>Auteur: elmoudjahid<br \/>\n<a href=\"http:\/\/www.elmoudjahid.com\/fr\/actualites\/135754\">Cliquez ici pour lire l&rsquo;article depuis sa source.<\/a><\/p>\n","protected":false},"excerpt":{"rendered":"<p>Le parti du Front de lib\u00e9ration nationale (FLN) s\u2019est f\u00e9licit\u00e9, jeudi, du recours \u00e0 \u00abla solution constitutionnelle\u00bb afin de surpasser la crise actuelle et r\u00e9aliser les objectifs \u00abambitieux et l\u00e9gitimes\u00bb auxquels aspire le peuple alg\u00e9rien.\u00a0 Le FLN a estim\u00e9, dans ce cadre, que l\u2019application des articles 7 , 8 et 102 de la Constitution est [&hellip;]<\/p>\n","protected":false},"author":1744,"featured_media":0,"comment_status":"closed","ping_status":"closed","sticky":false,"template":"","format":"standard","meta":{"fifu_image_url":"","fifu_image_alt":"","footnotes":""},"categories":[73,53],"tags":[],"class_list":["post-27607","post","type-post","status-publish","format-standard","hentry","category-actualite","category-algerie"],"_links":{"self":[{"href":"https:\/\/linitiative.ca\/International\/wp-json\/wp\/v2\/posts\/27607","targetHints":{"allow":["GET"]}}],"collection":[{"href":"https:\/\/linitiative.ca\/International\/wp-json\/wp\/v2\/posts"}],"about":[{"href":"https:\/\/linitiative.ca\/International\/wp-json\/wp\/v2\/types\/post"}],"author":[{"embeddable":true,"href":"https:\/\/linitiative.ca\/International\/wp-json\/wp\/v2\/users\/1744"}],"replies":[{"embeddable":true,"href":"https:\/\/linitiative.ca\/International\/wp-json\/wp\/v2\/comments?post=27607"}],"version-history":[{"count":0,"href":"https:\/\/linitiative.ca\/International\/wp-json\/wp\/v2\/posts\/27607\/revisions"}],"wp:attachment":[{"href":"https:\/\/linitiative.ca\/International\/wp-json\/wp\/v2\/media?parent=27607"}],"wp:term":[{"taxonomy":"category","embeddable":true,"href":"https:\/\/linitiative.ca\/International\/wp-json\/wp\/v2\/categories?post=27607"},{"taxonomy":"post_tag","embeddable":true,"href":"https:\/\/linitiative.ca\/International\/wp-json\/wp\/v2\/tags?post=27607"}],"curies":[{"name":"wp","href":"https:\/\/api.w.org\/{rel}","templated":true}]}}