{"id":27611,"date":"2019-04-12T19:00:00","date_gmt":"2019-04-12T23:00:00","guid":{"rendered":"https:\/\/linitiative.ca\/International\/radio-nationale-mme-nacera-cherid-dg-par-interim\/"},"modified":"2019-04-12T19:00:00","modified_gmt":"2019-04-12T23:00:00","slug":"radio-nationale-mme-nacera-cherid-dg-par-interim","status":"publish","type":"post","link":"https:\/\/linitiative.ca\/International\/radio-nationale-mme-nacera-cherid-dg-par-interim\/","title":{"rendered":"RADIO NATIONALE : Mme Nac\u00e9ra Cherid, Dg par int\u00e9rim"},"content":{"rendered":"<p>Mme Nac\u00e9ra Cherid a \u00e9t\u00e9 install\u00e9e, jeudi dernier, dans ses nouvelles fonctions de directrice g\u00e9n\u00e9rale par int\u00e9rim de la radio nationale, en remplacement de M. Lounakel Chabane, qui a fait valoir son droit \u00e0 la retraite.\u00a0<\/p>\n<div readability=\"23\">\n<p>La c\u00e9r\u00e9monie\u00a0 s&rsquo;est d\u00e9roul\u00e9e en pr\u00e9sence du ministre de la\u00a0 \u00a0Communication, porte-parole du gouvernement, Hassane Rabehi, et de cadres de\u00a0 \u00a0la Radio nationale. Dans une d\u00e9claration \u00e0 l&rsquo;issue de la c\u00e9r\u00e9monie, le ministre a appel\u00e9 \u00e0 \u00ab\u00a0assurer le bon fonctionnement du service\u00a0 \u00a0public, notamment en cette phase de l&rsquo;histoire de notre pays et \u00e0 veiller \u00e0 pr\u00e9server sa force\u00a0\u00bb, exprimant son souhait de \u00ab\u00a0ne pas verser\u00a0 \u00a0dans tout ce qui est susceptible d&rsquo;alimenter la discorde et la haine entre les enfants d&rsquo;un m\u00eame peuple\u00a0\u00bb. Le ministre a salu\u00e9 le travail accompli par les travailleurs de la Radio qui ont \u00e9rig\u00e9 cet \u00e9tablissement \u00ab\u00a0en tribune pour le rayonnement de\u00a0 \u00a0notre pays et en espace pour gagner la reconnaissance des citoyens\u00a0\u00bb, exprimant \u00e9galement sa reconnaissance \u00ab\u00a0\u00e0 tous ceux qui transmettent la vraie information au peuple qui, durant cette p\u00e9riode cruciale de son histoire, a manifest\u00e9 son attachement au pays et s&rsquo;attelle \u00e0 r\u00e9unir les conditions susceptibles de permettre de passer \u00e0 une nouvelle \u00e9tape qualitative dans tous les domaines\u00a0\u00bb.\u00a0 Pour sa part, Mme Cherid a indiqu\u00e9 qu&rsquo;elle \u00ab\u00a0\u0153uvrera sans rel\u00e2che \u00e0 assurer la continuit\u00e9 du service public \u00e0 la Radio qui a une position importante au double plan national et international\u00a0\u00bb. M. Chabane Lounakel a, quant \u00e0 lui, mis l&rsquo;accent sur \u00ab\u00a0l&rsquo;imp\u00e9ratif de redoubler d&rsquo;efforts et de solidarit\u00e9 pour que la Radio alg\u00e9rienne puisse accomplir ses missions au service du peuple, de l&rsquo;Etat et du pays\u00a0\u00bb.<\/p>\n<\/div>\n<p>Auteur: elmoudjahid<br \/>\n<a href=\"http:\/\/www.elmoudjahid.com\/fr\/actualites\/135758\">Cliquez ici pour lire l&rsquo;article depuis sa source.<\/a><\/p>\n","protected":false},"excerpt":{"rendered":"<p>Mme Nac\u00e9ra Cherid a \u00e9t\u00e9 install\u00e9e, jeudi dernier, dans ses nouvelles fonctions de directrice g\u00e9n\u00e9rale par int\u00e9rim de la radio nationale, en remplacement de M. Lounakel Chabane, qui a fait valoir son droit \u00e0 la retraite.\u00a0 La c\u00e9r\u00e9monie\u00a0 s&rsquo;est d\u00e9roul\u00e9e en pr\u00e9sence du ministre de la\u00a0 \u00a0Communication, porte-parole du gouvernement, Hassane Rabehi, et de cadres [&hellip;]<\/p>\n","protected":false},"author":1744,"featured_media":0,"comment_status":"closed","ping_status":"closed","sticky":false,"template":"","format":"standard","meta":{"fifu_image_url":"","fifu_image_alt":"","footnotes":""},"categories":[73,53],"tags":[],"class_list":["post-27611","post","type-post","status-publish","format-standard","hentry","category-actualite","category-algerie"],"_links":{"self":[{"href":"https:\/\/linitiative.ca\/International\/wp-json\/wp\/v2\/posts\/27611","targetHints":{"allow":["GET"]}}],"collection":[{"href":"https:\/\/linitiative.ca\/International\/wp-json\/wp\/v2\/posts"}],"about":[{"href":"https:\/\/linitiative.ca\/International\/wp-json\/wp\/v2\/types\/post"}],"author":[{"embeddable":true,"href":"https:\/\/linitiative.ca\/International\/wp-json\/wp\/v2\/users\/1744"}],"replies":[{"embeddable":true,"href":"https:\/\/linitiative.ca\/International\/wp-json\/wp\/v2\/comments?post=27611"}],"version-history":[{"count":0,"href":"https:\/\/linitiative.ca\/International\/wp-json\/wp\/v2\/posts\/27611\/revisions"}],"wp:attachment":[{"href":"https:\/\/linitiative.ca\/International\/wp-json\/wp\/v2\/media?parent=27611"}],"wp:term":[{"taxonomy":"category","embeddable":true,"href":"https:\/\/linitiative.ca\/International\/wp-json\/wp\/v2\/categories?post=27611"},{"taxonomy":"post_tag","embeddable":true,"href":"https:\/\/linitiative.ca\/International\/wp-json\/wp\/v2\/tags?post=27611"}],"curies":[{"name":"wp","href":"https:\/\/api.w.org\/{rel}","templated":true}]}}